{"id":448,"date":"2024-06-19T11:17:04","date_gmt":"2024-06-19T10:17:04","guid":{"rendered":"https:\/\/blog.dgformacion.com\/?p=448"},"modified":"2024-10-03T10:45:24","modified_gmt":"2024-10-03T09:45:24","slug":"concesion-de-subvenciones-para-la-realizacion-de-acciones-de-formacion-profesional-en-el-ambito-laboral-en-castilla-la-mancha","status":"publish","type":"post","link":"https:\/\/blog.dgformacion.com\/?p=448","title":{"rendered":"Concesi\u00f3n de subvenciones para la realizaci\u00f3n de acciones de formaci\u00f3n profesional en el \u00e1mbito laboral, en Castilla-La Mancha."},"content":{"rendered":"\n<p>Se aprueba la convocatoria p\u00fablica de concesi\u00f3n de subvenciones para la realizaci\u00f3n de acciones de formaci\u00f3n profesional en el \u00e1mbito laboral, dirigidas a personas trabajadoras ocupadas (modalidad I), y a personas trabajadoras desempleadas (modalidad II), para la anualidad 2024.<\/p>\n\n\n\n<p>Para m\u00e1s informaci\u00f3n acerca de la convocatoria, echa un vistazo al siguiente enlace: <\/p>\n\n\n\n<div class=\"wp-block-buttons is-content-justification-center is-layout-flex wp-container-core-buttons-layout-1 wp-block-buttons-is-layout-flex\">\n<div class=\"wp-block-button\"><a class=\"wp-block-button__link has-background wp-element-button\" href=\"https:\/\/empleoyformacion.castillalamancha.es\/empresas\/formacion\/ayudas-y-subvenciones-formacion\" style=\"background-color:#8bae35\" target=\"_blank\" rel=\"noreferrer noopener\">Ver convocatoria<\/a><\/div>\n<\/div>\n\n\n\n<p class=\"has-text-align-center\" style=\"font-size:24px\">Echa un vistazo a nuestro cat\u00e1logo completo&nbsp;<a href=\"https:\/\/dgformacion.com\/categoria-curso\/contenido-en-formato-digital\/certificados-de-profesionalidad\/\" target=\"_blank\" rel=\"noreferrer noopener\">pinchando aqu\u00ed<\/a>.<\/p>\n\n\n\n<p class=\"has-text-align-center\">Contacta con nosotros a trav\u00e9s del 914 32 02 02, o info@dgformacion.com.<\/p>\n","protected":false},"excerpt":{"rendered":"<p>Se aprueba la convocatoria p\u00fablica de concesi\u00f3n de subvenciones para la realizaci\u00f3n de acciones de formaci\u00f3n profesional en el \u00e1mbito laboral, dirigidas a personas trabajadoras ocupadas (modalidad I), y a personas trabajadoras desempleadas (modalidad II), para la anualidad 2024. Para m\u00e1s informaci\u00f3n acerca de la convocatoria, echa un vistazo al siguiente enlace: Ver convocatoria Echa &hellip;<\/p>\n","protected":false},"author":2,"featured_media":608,"comment_status":"closed","ping_status":"open","sticky":false,"template":"","format":"standard","meta":{"footnotes":"","_jetpack_memberships_contains_paid_content":false},"categories":[4],"tags":[60,78,62,67],"jetpack_sharing_enabled":true,"jetpack_featured_media_url":"https:\/\/blog.dgformacion.com\/wp-content\/uploads\/2024\/06\/fpTrabajadores_cast.png","_links":{"self":[{"href":"https:\/\/blog.dgformacion.com\/index.php?rest_route=\/wp\/v2\/posts\/448"}],"collection":[{"href":"https:\/\/blog.dgformacion.com\/index.php?rest_route=\/wp\/v2\/posts"}],"about":[{"href":"https:\/\/blog.dgformacion.com\/index.php?rest_route=\/wp\/v2\/types\/post"}],"author":[{"embeddable":true,"href":"https:\/\/blog.dgformacion.com\/index.php?rest_route=\/wp\/v2\/users\/2"}],"replies":[{"embeddable":true,"href":"https:\/\/blog.dgformacion.com\/index.php?rest_route=%2Fwp%2Fv2%2Fcomments&post=448"}],"version-history":[{"count":1,"href":"https:\/\/blog.dgformacion.com\/index.php?rest_route=\/wp\/v2\/posts\/448\/revisions"}],"predecessor-version":[{"id":450,"href":"https:\/\/blog.dgformacion.com\/index.php?rest_route=\/wp\/v2\/posts\/448\/revisions\/450"}],"wp:featuredmedia":[{"embeddable":true,"href":"https:\/\/blog.dgformacion.com\/index.php?rest_route=\/wp\/v2\/media\/608"}],"wp:attachment":[{"href":"https:\/\/blog.dgformacion.com\/index.php?rest_route=%2Fwp%2Fv2%2Fmedia&parent=448"}],"wp:term":[{"taxonomy":"category","embeddable":true,"href":"https:\/\/blog.dgformacion.com\/index.php?rest_route=%2Fwp%2Fv2%2Fcategories&post=448"},{"taxonomy":"post_tag","embeddable":true,"href":"https:\/\/blog.dgformacion.com\/index.php?rest_route=%2Fwp%2Fv2%2Ftags&post=448"}],"curies":[{"name":"wp","href":"https:\/\/api.w.org\/{rel}","templated":true}]}}