{"id":451,"date":"2024-07-11T11:18:38","date_gmt":"2024-07-11T10:18:38","guid":{"rendered":"https:\/\/blog.dgformacion.com\/?p=451"},"modified":"2024-10-03T10:45:29","modified_gmt":"2024-10-03T09:45:29","slug":"concesion-de-subvenciones-para-la-realizacion-de-acciones-de-formacion-profesional-en-el-ambito-laboral-en-castilla-la-mancha-2","status":"publish","type":"post","link":"https:\/\/blog.dgformacion.com\/?p=451","title":{"rendered":"Nueva convocatoria para desempleados (FOD) en Castilla y Le\u00f3n, 2024 &#8211; 2025."},"content":{"rendered":"\n<p>Se ha publicado la convocatoria de las subvenciones p\u00fablicas destinadas a la financiaci\u00f3n de la oferta formativa del sistema de Formaci\u00f3n Profesional en el \u00e1mbito laboral asociada al Cat\u00e1logo Nacional de Cualificaciones Profesionales para trabajadores desempleados en Castilla y Le\u00f3n, para los a\u00f1os 2024 y 2025.<\/p>\n\n\n\n<figure class=\"wp-block-table\"><table><tbody><tr><td><strong>Convoca:<\/strong><\/td><td>Castilla y Le\u00f3n &#8211; Consejer\u00eda de Industria, Comercio y Empleo.<\/td><\/tr><tr><td><strong>Fecha de Solicitud:<\/strong><\/td><td>09\/07\/2024<\/td><\/tr><tr><td><strong>Gestiona:<\/strong><\/td><td>Consejer\u00eda de Industria, Comercio y Empleo, Servicio P\u00fablico de Empleo de Castilla y Le\u00f3n.<\/td><\/tr><tr><td><strong>Localizaci\u00f3n de Acciones Subvencionables:<\/strong><\/td><td>Castilla y Le\u00f3n.<\/td><\/tr><tr><td><strong>Objeto:<\/strong><\/td><td>Convocar, en r\u00e9gimen de concurrencia competitiva, la concesi\u00f3n de subvenciones p\u00fablicas destinadas a la financiaci\u00f3n de la oferta formativa del sistema de Formaci\u00f3n profesional en el \u00e1mbito laboral asociada al Cat\u00e1logo Nacional de Cualificaciones Profesionales para trabajadores desempleados en Castilla y Le\u00f3n, para los a\u00f1os 2024 y 2025, agrupadas en planes formativos, definidas en el anexo de oferta formativa de la presente convocatoria.<\/td><\/tr><tr><td><strong>Importe:<\/strong><\/td><td>Anualidad 2024: 36.998.195,00\u20ac. Anualidad 2025: 9.249.548,75\u20ac.<\/td><\/tr><tr><td><strong>Beneficiarios:<\/strong><\/td><td>Podr\u00e1n ser beneficiarios de las subvenciones al amparo de la presente convocatoria, las entidades de formaci\u00f3n, p\u00fablicas y privadas, en los t\u00e9rminos que establece la base 3\u00aa de la Orden IEM\/589\/2023, de 28 de abril, y para las que la presente convocatoria prev\u00e9 cr\u00e9dito adecuado y suficiente.<\/td><\/tr><tr><td><strong>Declaraci\u00f3n de urgencia:<\/strong><\/td><td>Con la finalidad de iniciar cuanto antes las acciones que se subvencionan, y de conformidad con el art\u00edculo 33 de la Ley 39\/2015, de 1 de octubre, del Procedimiento Administrativo Com\u00fan de las Administraciones P\u00fablicas, se declara la tramitaci\u00f3n de urgencia del procedimiento de concesi\u00f3n, reduci\u00e9ndose a la mitad los plazos establecidos para el procedimiento ordinario de concesi\u00f3n de subvenciones.<\/td><\/tr><tr><td><strong>Localizaci\u00f3n del Beneficiario:<\/strong><\/td><td>Castilla y Le\u00f3n.<\/td><\/tr><\/tbody><\/table><\/figure>\n\n\n\n<p>Para m\u00e1s informaci\u00f3n acerca de la convocatoria, echa un vistazo al siguiente enlace: <\/p>\n\n\n\n<div class=\"wp-block-buttons is-content-justification-center is-layout-flex wp-container-core-buttons-layout-1 wp-block-buttons-is-layout-flex\">\n<div class=\"wp-block-button\"><a class=\"wp-block-button__link has-background wp-element-button\" href=\"https:\/\/bocyl.jcyl.es\/html\/2024\/06\/25\/html\/BOCYL-D-25062024-10.do\" style=\"background-color:#8bae35\" target=\"_blank\" rel=\"noreferrer noopener\">Ver convocatoria<\/a><\/div>\n<\/div>\n\n\n\n<p class=\"has-text-align-center\" style=\"font-size:24px\">Echa un vistazo a nuestro cat\u00e1logo completo&nbsp;<a href=\"https:\/\/dgformacion.com\/categoria-curso\/contenido-en-formato-digital\/certificados-de-profesionalidad\/\" target=\"_blank\" rel=\"noreferrer noopener\">pinchando aqu\u00ed<\/a>.<\/p>\n\n\n\n<p class=\"has-text-align-center\">Contacta con nosotros a trav\u00e9s del 914 32 02 02, o info@dgformacion.com.<\/p>\n","protected":false},"excerpt":{"rendered":"<p>Se ha publicado la convocatoria de las subvenciones p\u00fablicas destinadas a la financiaci\u00f3n de la oferta formativa del sistema de Formaci\u00f3n Profesional en el \u00e1mbito laboral asociada al Cat\u00e1logo Nacional de Cualificaciones Profesionales para trabajadores desempleados en Castilla y Le\u00f3n, para los a\u00f1os 2024 y 2025. Convoca:Castilla y Le\u00f3n &#8211; Consejer\u00eda de Industria, Comercio y &hellip;<\/p>\n","protected":false},"author":2,"featured_media":607,"comment_status":"closed","ping_status":"open","sticky":false,"template":"","format":"standard","meta":{"footnotes":"","_jetpack_memberships_contains_paid_content":false},"categories":[4],"tags":[76,62,67],"jetpack_sharing_enabled":true,"jetpack_featured_media_url":"https:\/\/blog.dgformacion.com\/wp-content\/uploads\/2024\/07\/fpDesemp_castLeon2425.png","_links":{"self":[{"href":"https:\/\/blog.dgformacion.com\/index.php?rest_route=\/wp\/v2\/posts\/451"}],"collection":[{"href":"https:\/\/blog.dgformacion.com\/index.php?rest_route=\/wp\/v2\/posts"}],"about":[{"href":"https:\/\/blog.dgformacion.com\/index.php?rest_route=\/wp\/v2\/types\/post"}],"author":[{"embeddable":true,"href":"https:\/\/blog.dgformacion.com\/index.php?rest_route=\/wp\/v2\/users\/2"}],"replies":[{"embeddable":true,"href":"https:\/\/blog.dgformacion.com\/index.php?rest_route=%2Fwp%2Fv2%2Fcomments&post=451"}],"version-history":[{"count":2,"href":"https:\/\/blog.dgformacion.com\/index.php?rest_route=\/wp\/v2\/posts\/451\/revisions"}],"predecessor-version":[{"id":454,"href":"https:\/\/blog.dgformacion.com\/index.php?rest_route=\/wp\/v2\/posts\/451\/revisions\/454"}],"wp:featuredmedia":[{"embeddable":true,"href":"https:\/\/blog.dgformacion.com\/index.php?rest_route=\/wp\/v2\/media\/607"}],"wp:attachment":[{"href":"https:\/\/blog.dgformacion.com\/index.php?rest_route=%2Fwp%2Fv2%2Fmedia&parent=451"}],"wp:term":[{"taxonomy":"category","embeddable":true,"href":"https:\/\/blog.dgformacion.com\/index.php?rest_route=%2Fwp%2Fv2%2Fcategories&post=451"},{"taxonomy":"post_tag","embeddable":true,"href":"https:\/\/blog.dgformacion.com\/index.php?rest_route=%2Fwp%2Fv2%2Ftags&post=451"}],"curies":[{"name":"wp","href":"https:\/\/api.w.org\/{rel}","templated":true}]}}