{"id":458,"date":"2024-07-11T11:42:02","date_gmt":"2024-07-11T10:42:02","guid":{"rendered":"https:\/\/blog.dgformacion.com\/?p=458"},"modified":"2024-10-03T10:44:09","modified_gmt":"2024-10-03T09:44:09","slug":"subvenciones-para-la-anualidad-2024-en-castilla-la-mancha-dirigidas-a-la-formacion-tanto-de-ocupados-como-desempleados","status":"publish","type":"post","link":"https:\/\/blog.dgformacion.com\/?p=458","title":{"rendered":"Subvenciones para la anualidad 2024 en Castilla-La Mancha, dirigidas a la formaci\u00f3n tanto para ocupados como para desempleados."},"content":{"rendered":"\n<p>Se aprueba la convocatoria p\u00fablica de concesi\u00f3n de subvenciones para la realizaci\u00f3n de acciones de formaci\u00f3n profesional en el \u00e1mbito laboral, dirigidas a personas trabajadoras ocupadas, para la anualidad 2024.<\/p>\n\n\n\n<figure class=\"wp-block-table\"><table><tbody><tr><td><strong>Convoca:<\/strong><\/td><td>Castilla La Mancha &#8211; Consejer\u00eda de Econom\u00eda, Empresas y Empleo<\/td><\/tr><tr><td><strong>Fecha de Solicitud:<\/strong><\/td><td>03\/07\/2024<\/td><\/tr><tr><td><strong>Gestiona:<\/strong><\/td><td>Consejer\u00eda de Econom\u00eda, Empresas y Empleo<\/td><\/tr><tr><td><strong>Localizaci\u00f3n de Acciones Subvencionables:<\/strong><\/td><td>Castilla La Mancha<\/td><\/tr><tr><td><strong>Objeto:<\/strong><\/td><td>Convocar la concesi\u00f3n de subvenciones para el ejercicio 2024, para la realizaci\u00f3n de acciones de formaci\u00f3n profesional en el \u00e1mbito laboral para personas trabajadoras ocupadas (Modalidad I) y desepleadas (Modalidad II).<\/td><\/tr><tr><td><strong>Beneficiarios:<\/strong><\/td><td>Podr\u00e1n ser beneficiarias de las subvenciones objeto de la presente resoluci\u00f3n las entidades de formaci\u00f3n, p\u00fablicas o privadas, acreditadas y\/o inscritas en el Registro Estatal de Entidades de Formaci\u00f3n, para las especialidades formativas a impartir, ya sea en la modalidad presencial o teleformaci\u00f3n, y con presencia en el \u00e1mbito territorial de Castilla-La Mancha, debiendo disponer en dicho \u00e1mbito de instalaciones debidamente inscritas y\/o acreditadas que permitan la impartici\u00f3n de las especialidades formativas solicitadas.<\/td><\/tr><tr><td><strong>Localizaci\u00f3n del Beneficiario:<\/strong><\/td><td>Castilla La Mancha<\/td><\/tr><\/tbody><\/table><\/figure>\n\n\n\n<p>Para m\u00e1s informaci\u00f3n acerca de la convocatoria, echa un vistazo al siguiente enlace: <\/p>\n\n\n\n<div class=\"wp-block-buttons is-content-justification-center is-layout-flex wp-container-core-buttons-layout-1 wp-block-buttons-is-layout-flex\">\n<div class=\"wp-block-button\"><a class=\"wp-block-button__link has-background wp-element-button\" href=\"https:\/\/empleoyformacion.castillalamancha.es\/sites\/default\/files\/2024-06\/Convocatoria%20Mod%20I%202024.pdf\" style=\"background-color:#8bae35\" target=\"_blank\" rel=\"noreferrer noopener\">Ver convocatoria<\/a><\/div>\n<\/div>\n\n\n\n<p class=\"has-text-align-center\" style=\"font-size:24px\">Echa un vistazo a nuestro cat\u00e1logo completo&nbsp;<a href=\"https:\/\/dgformacion.com\/categoria-curso\/contenido-en-formato-digital\/certificados-de-profesionalidad\/\" target=\"_blank\" rel=\"noreferrer noopener\">pinchando aqu\u00ed<\/a>.<\/p>\n\n\n\n<p class=\"has-text-align-center\">Contacta con nosotros a trav\u00e9s del 914 32 02 02, o info@dgformacion.com.<\/p>\n","protected":false},"excerpt":{"rendered":"<p>Se aprueba la convocatoria p\u00fablica de concesi\u00f3n de subvenciones para la realizaci\u00f3n de acciones de formaci\u00f3n profesional en el \u00e1mbito laboral, dirigidas a personas trabajadoras ocupadas, para la anualidad 2024. Convoca:Castilla La Mancha &#8211; Consejer\u00eda de Econom\u00eda, Empresas y EmpleoFecha de Solicitud:03\/07\/2024Gestiona:Consejer\u00eda de Econom\u00eda, Empresas y EmpleoLocalizaci\u00f3n de Acciones Subvencionables:Castilla La ManchaObjeto:Convocar la concesi\u00f3n de &hellip;<\/p>\n","protected":false},"author":2,"featured_media":605,"comment_status":"closed","ping_status":"open","sticky":false,"template":"","format":"standard","meta":{"footnotes":"","_jetpack_memberships_contains_paid_content":false},"categories":[4],"tags":[60,78,62,67],"jetpack_sharing_enabled":true,"jetpack_featured_media_url":"https:\/\/blog.dgformacion.com\/wp-content\/uploads\/2024\/07\/fpTrabajadores_cast.png","_links":{"self":[{"href":"https:\/\/blog.dgformacion.com\/index.php?rest_route=\/wp\/v2\/posts\/458"}],"collection":[{"href":"https:\/\/blog.dgformacion.com\/index.php?rest_route=\/wp\/v2\/posts"}],"about":[{"href":"https:\/\/blog.dgformacion.com\/index.php?rest_route=\/wp\/v2\/types\/post"}],"author":[{"embeddable":true,"href":"https:\/\/blog.dgformacion.com\/index.php?rest_route=\/wp\/v2\/users\/2"}],"replies":[{"embeddable":true,"href":"https:\/\/blog.dgformacion.com\/index.php?rest_route=%2Fwp%2Fv2%2Fcomments&post=458"}],"version-history":[{"count":3,"href":"https:\/\/blog.dgformacion.com\/index.php?rest_route=\/wp\/v2\/posts\/458\/revisions"}],"predecessor-version":[{"id":465,"href":"https:\/\/blog.dgformacion.com\/index.php?rest_route=\/wp\/v2\/posts\/458\/revisions\/465"}],"wp:featuredmedia":[{"embeddable":true,"href":"https:\/\/blog.dgformacion.com\/index.php?rest_route=\/wp\/v2\/media\/605"}],"wp:attachment":[{"href":"https:\/\/blog.dgformacion.com\/index.php?rest_route=%2Fwp%2Fv2%2Fmedia&parent=458"}],"wp:term":[{"taxonomy":"category","embeddable":true,"href":"https:\/\/blog.dgformacion.com\/index.php?rest_route=%2Fwp%2Fv2%2Fcategories&post=458"},{"taxonomy":"post_tag","embeddable":true,"href":"https:\/\/blog.dgformacion.com\/index.php?rest_route=%2Fwp%2Fv2%2Ftags&post=458"}],"curies":[{"name":"wp","href":"https:\/\/api.w.org\/{rel}","templated":true}]}}