{"id":462,"date":"2024-07-11T11:55:48","date_gmt":"2024-07-11T10:55:48","guid":{"rendered":"https:\/\/blog.dgformacion.com\/?p=462"},"modified":"2024-10-03T10:41:37","modified_gmt":"2024-10-03T09:41:37","slug":"convocatoria-estatal-del-ministerio-de-educacion-para-aaff-vinculadas-al-cncp","status":"publish","type":"post","link":"https:\/\/blog.dgformacion.com\/?p=462","title":{"rendered":"Convocatoria Estatal del Ministerio de Educaci\u00f3n para AAFF, vinculadas al CNCP."},"content":{"rendered":"\n<p>Se ha publicado en el BOE el Extracto de la Resoluci\u00f3n de la Secretar\u00eda General de Formaci\u00f3n Profesional de fecha 27 de junio de 2024, por la que se procede a la convocatoria de \u00e1mbito estatal de subvenciones a entidades de formaci\u00f3n para la financiaci\u00f3n de acciones formativas vinculadas al Cat\u00e1logo Nacional de Est\u00e1ndares de Competencias Profesionales, para el a\u00f1o 2024. <\/p>\n\n\n\n<p class=\"has-text-align-center\" style=\"font-size:22px\"><strong>El plazo de presentaci\u00f3n es de 10 d\u00edas h\u00e1biles, a contar desde el 10 de julio.<\/strong><\/p>\n\n\n\n<figure class=\"wp-block-table\"><table><tbody><tr><td>&nbsp; Para m\u00e1s informaci\u00f3n consulte los siguientes documentos:<\/td><\/tr><tr><td><strong>EXTRACTO CONVOCATORIA. &#8211; <\/strong><a href=\"https:\/\/dgformacion.us18.list-manage.com\/track\/click?u=6120a2c888426876f2fc21ff1&amp;id=7588757c75&amp;e=e9e20dbf0d\"><strong>Documento<\/strong><\/a> <br><strong>AAFF SNC 2024. &#8211; <\/strong><a href=\"https:\/\/dgformacion.us18.list-manage.com\/track\/click?u=6120a2c888426876f2fc21ff1&amp;id=01dc3cd16a&amp;e=e9e20dbf0d\"><strong>Documento<\/strong><\/a><\/td><\/tr><\/tbody><\/table><\/figure>\n\n\n\n<p class=\"has-text-align-center\" style=\"font-size:24px\">Echa un vistazo a nuestro cat\u00e1logo completo&nbsp;<a href=\"https:\/\/dgformacion.com\/categoria-curso\/contenido-en-formato-digital\/certificados-de-profesionalidad\/\" target=\"_blank\" rel=\"noreferrer noopener\">pinchando aqu\u00ed<\/a>.<\/p>\n\n\n\n<p class=\"has-text-align-center\">Contacta con nosotros a trav\u00e9s del 914 32 02 02, o info@dgformacion.com.<\/p>\n","protected":false},"excerpt":{"rendered":"<p>Se ha publicado en el BOE el Extracto de la Resoluci\u00f3n de la Secretar\u00eda General de Formaci\u00f3n Profesional de fecha 27 de junio de 2024, por la que se procede a la convocatoria de \u00e1mbito estatal de subvenciones a entidades de formaci\u00f3n para la financiaci\u00f3n de acciones formativas vinculadas al Cat\u00e1logo Nacional de Est\u00e1ndares de &hellip;<\/p>\n","protected":false},"author":2,"featured_media":604,"comment_status":"closed","ping_status":"open","sticky":false,"template":"","format":"standard","meta":{"footnotes":"","_jetpack_memberships_contains_paid_content":false},"categories":[4],"tags":[78,7,62,67],"jetpack_sharing_enabled":true,"jetpack_featured_media_url":"https:\/\/blog.dgformacion.com\/wp-content\/uploads\/2024\/07\/aaffCNCP_nacionaljulio24.png","_links":{"self":[{"href":"https:\/\/blog.dgformacion.com\/index.php?rest_route=\/wp\/v2\/posts\/462"}],"collection":[{"href":"https:\/\/blog.dgformacion.com\/index.php?rest_route=\/wp\/v2\/posts"}],"about":[{"href":"https:\/\/blog.dgformacion.com\/index.php?rest_route=\/wp\/v2\/types\/post"}],"author":[{"embeddable":true,"href":"https:\/\/blog.dgformacion.com\/index.php?rest_route=\/wp\/v2\/users\/2"}],"replies":[{"embeddable":true,"href":"https:\/\/blog.dgformacion.com\/index.php?rest_route=%2Fwp%2Fv2%2Fcomments&post=462"}],"version-history":[{"count":1,"href":"https:\/\/blog.dgformacion.com\/index.php?rest_route=\/wp\/v2\/posts\/462\/revisions"}],"predecessor-version":[{"id":464,"href":"https:\/\/blog.dgformacion.com\/index.php?rest_route=\/wp\/v2\/posts\/462\/revisions\/464"}],"wp:featuredmedia":[{"embeddable":true,"href":"https:\/\/blog.dgformacion.com\/index.php?rest_route=\/wp\/v2\/media\/604"}],"wp:attachment":[{"href":"https:\/\/blog.dgformacion.com\/index.php?rest_route=%2Fwp%2Fv2%2Fmedia&parent=462"}],"wp:term":[{"taxonomy":"category","embeddable":true,"href":"https:\/\/blog.dgformacion.com\/index.php?rest_route=%2Fwp%2Fv2%2Fcategories&post=462"},{"taxonomy":"post_tag","embeddable":true,"href":"https:\/\/blog.dgformacion.com\/index.php?rest_route=%2Fwp%2Fv2%2Ftags&post=462"}],"curies":[{"name":"wp","href":"https:\/\/api.w.org\/{rel}","templated":true}]}}