{"id":466,"date":"2024-07-11T12:02:20","date_gmt":"2024-07-11T11:02:20","guid":{"rendered":"https:\/\/blog.dgformacion.com\/?p=466"},"modified":"2024-10-03T10:38:19","modified_gmt":"2024-10-03T09:38:19","slug":"la-xunta-lanza-convocatoria-para-personas-trabajadoras-desempleadas-2024-2025","status":"publish","type":"post","link":"https:\/\/blog.dgformacion.com\/?p=466","title":{"rendered":"La Xunta lanza convocatoria para personas trabajadoras desempleadas, 2024 &#8211; 2025."},"content":{"rendered":"\n<p>Ya se puede solicitar y obtener la condici\u00f3n de beneficiario de las subvenciones (reguladas en estas bases) las entidades y centros de formaci\u00f3n que, en la fecha de entrada en vigor de la correspondiente convocatoria, est\u00e9n acreditados o, en su caso, inscritos para impartir en el \u00e1mbito de la Comunidad Aut\u00f3noma las ofertas formativas del Sistema de formaci\u00f3n profesional de los grados B y C y\/o las competencias clave para las cuales soliciten subvenci\u00f3n, ya sea en la modalidad presencial o virtual, entendida esta \u00faltima como modalidad de teleformaci\u00f3n.<\/p>\n\n\n\n<p>Las entidades deber\u00e1n disponer, en el \u00e1mbito territorial de la Comunidad Aut\u00f3noma de Galicia, de las instalaciones debidamente acreditadas que permitan la impartici\u00f3n de las actividades presenciales de las acciones formativas solicitadas. <\/p>\n\n\n\n<p class=\"has-text-align-center\" style=\"font-size:22px\"><strong>El plazo de presentaci\u00f3n es de 1 mes, a contar desde el d\u00eda de entrada en vigor de la orden.<\/strong><\/p>\n\n\n\n<figure class=\"wp-block-table\"><table><tbody><tr><td>&nbsp; Para m\u00e1s informaci\u00f3n consulte los siguientes documentos:<\/td><\/tr><tr><td><strong>EXTRACTO CONVOCATORIA. &#8211; <\/strong><a href=\"https:\/\/dgformacion.us18.list-manage.com\/track\/click?u=6120a2c888426876f2fc21ff1&amp;id=9c4036396a&amp;e=e9e20dbf0d\" target=\"_blank\" rel=\"noreferrer noopener\"><strong>Documento<\/strong><\/a> <br><strong>ORDEN. &#8211; <a href=\"https:\/\/dgformacion.us18.list-manage.com\/track\/click?u=6120a2c888426876f2fc21ff1&amp;id=396e366479&amp;e=e9e20dbf0d\" target=\"_blank\" rel=\"noreferrer noopener\">Documento<\/a><\/strong><\/td><\/tr><\/tbody><\/table><\/figure>\n\n\n\n<p class=\"has-text-align-center\" style=\"font-size:24px\">Echa un vistazo a nuestro cat\u00e1logo completo&nbsp;<a href=\"https:\/\/dgformacion.com\/categoria-curso\/contenido-en-formato-digital\/certificados-de-profesionalidad\/\" target=\"_blank\" rel=\"noreferrer noopener\">pinchando aqu\u00ed<\/a>.<\/p>\n\n\n\n<p class=\"has-text-align-center\">Contacta con nosotros a trav\u00e9s del 914 32 02 02, o info@dgformacion.com.<\/p>\n","protected":false},"excerpt":{"rendered":"<p>Ya se puede solicitar y obtener la condici\u00f3n de beneficiario de las subvenciones (reguladas en estas bases) las entidades y centros de formaci\u00f3n que, en la fecha de entrada en vigor de la correspondiente convocatoria, est\u00e9n acreditados o, en su caso, inscritos para impartir en el \u00e1mbito de la Comunidad Aut\u00f3noma las ofertas formativas del &hellip;<\/p>\n","protected":false},"author":2,"featured_media":602,"comment_status":"closed","ping_status":"open","sticky":false,"template":"","format":"standard","meta":{"footnotes":"","_jetpack_memberships_contains_paid_content":false},"categories":[4],"tags":[78,79,80,17,67,81],"jetpack_sharing_enabled":true,"jetpack_featured_media_url":"https:\/\/blog.dgformacion.com\/wp-content\/uploads\/2024\/07\/trabDesempl_galicia2425.png","_links":{"self":[{"href":"https:\/\/blog.dgformacion.com\/index.php?rest_route=\/wp\/v2\/posts\/466"}],"collection":[{"href":"https:\/\/blog.dgformacion.com\/index.php?rest_route=\/wp\/v2\/posts"}],"about":[{"href":"https:\/\/blog.dgformacion.com\/index.php?rest_route=\/wp\/v2\/types\/post"}],"author":[{"embeddable":true,"href":"https:\/\/blog.dgformacion.com\/index.php?rest_route=\/wp\/v2\/users\/2"}],"replies":[{"embeddable":true,"href":"https:\/\/blog.dgformacion.com\/index.php?rest_route=%2Fwp%2Fv2%2Fcomments&post=466"}],"version-history":[{"count":1,"href":"https:\/\/blog.dgformacion.com\/index.php?rest_route=\/wp\/v2\/posts\/466\/revisions"}],"predecessor-version":[{"id":468,"href":"https:\/\/blog.dgformacion.com\/index.php?rest_route=\/wp\/v2\/posts\/466\/revisions\/468"}],"wp:featuredmedia":[{"embeddable":true,"href":"https:\/\/blog.dgformacion.com\/index.php?rest_route=\/wp\/v2\/media\/602"}],"wp:attachment":[{"href":"https:\/\/blog.dgformacion.com\/index.php?rest_route=%2Fwp%2Fv2%2Fmedia&parent=466"}],"wp:term":[{"taxonomy":"category","embeddable":true,"href":"https:\/\/blog.dgformacion.com\/index.php?rest_route=%2Fwp%2Fv2%2Fcategories&post=466"},{"taxonomy":"post_tag","embeddable":true,"href":"https:\/\/blog.dgformacion.com\/index.php?rest_route=%2Fwp%2Fv2%2Ftags&post=466"}],"curies":[{"name":"wp","href":"https:\/\/api.w.org\/{rel}","templated":true}]}}