{"id":469,"date":"2024-07-12T12:57:03","date_gmt":"2024-07-12T11:57:03","guid":{"rendered":"https:\/\/blog.dgformacion.com\/?p=469"},"modified":"2024-10-03T10:35:17","modified_gmt":"2024-10-03T09:35:17","slug":"subvenciones-para-la-formacion-de-personas-trabajadoras-desempleadas-canarias-2024-2025","status":"publish","type":"post","link":"https:\/\/blog.dgformacion.com\/?p=469","title":{"rendered":"Subvenciones para la formaci\u00f3n de personas trabajadoras desempleadas. Canarias, 2024 &#8211; 2025."},"content":{"rendered":"\n<p>Queda publicada la concesi\u00f3n de subvenciones destinadas a la realizaci\u00f3n de acciones formativas dirigidas prioritariamente a personas trabajadoras desempleadas.<\/p>\n\n\n\n<figure class=\"wp-block-table\"><table><tbody><tr><td><strong>Convoca:<\/strong><\/td><td>Gobierno de Canarias<\/td><\/tr><tr><td><strong>Fecha de Solicitud:<\/strong><\/td><td>02\/07\/2024 hasta 22\/07\/2024<\/td><\/tr><tr><td><strong>Gestiona:<\/strong><\/td><td>Gobierno de Canarias<\/td><\/tr><tr><td><strong>Localizaci\u00f3n de Acciones Subvencionables:<\/strong><\/td><td>Canarias<\/td><\/tr><tr><td><strong>Objeto:<\/strong><\/td><td>Convocar la concesi\u00f3n de subvenciones para el ejercicio 2024, para la realizaci\u00f3n de acciones de formaci\u00f3n profesional en el \u00e1mbito laboral para personas trabajadoras desempleadas<\/td><\/tr><tr><td><strong>Beneficiarios:<\/strong><\/td><td>Entidades de formaci\u00f3n, p\u00fablicas y privadas, que dispongan de instalaciones en la Comunidad Aut\u00f3noma de Canarias, acreditadas y\/o inscritas en el correspondiente Registro, en las especialidades por las que concurran.<\/td><\/tr><tr><td><strong>Localizaci\u00f3n del Beneficiario:<\/strong><\/td><td>Canarias<\/td><\/tr><tr><td><strong>Cuant\u00eda<\/strong><\/td><td>(48.500.000 \u20ac) cuarenta y ocho millones quinientos mil euros.<\/td><\/tr><\/tbody><\/table><\/figure>\n\n\n\n<p style=\"font-size:28px\"><strong>Requisitos previos:<\/strong><\/p>\n\n\n\n<ul>\n<li>1. Podr\u00e1n participar en la presente convocatoria de acciones formativas en modalidad presencial, las entidades de formaci\u00f3n, p\u00fablicas o privadas, que dispongan de instalaciones en la Comunidad Aut\u00f3noma de Canarias, y que est\u00e9n acreditadas y\/o inscritas, en la especialidad o especialidades por las que concurran, en el correspondiente Registro, conforme a lo previsto en el art\u00edculo 15 de la Ley 30\/2015.<\/li>\n\n\n\n<li>2. Podr\u00e1n ser beneficiarias de las subvenciones objeto de esta convocatoria las entidades de formaci\u00f3n que re\u00fanan las siguientes condiciones:<\/li>\n\n\n\n<li>a) Figurar en situaci\u00f3n de alta de tercero en el Sistema Econ\u00f3mico Financiero y Log\u00edstico de Canarias (SEFLogIC)<\/li>\n\n\n\n<li>b) No estar incursas en ninguna de las circunstancias contempladas en el art\u00edculo 13.2 y 3 de la Ley 38\/2003, General de Subvenciones, que impiden obtener la condici\u00f3n de beneficiaria.<\/li>\n\n\n\n<li>3. Adem\u00e1s, los centros que soliciten impartir especialidades formativas conducentes a certificados de profesionalidad que den derecho a la obtenci\u00f3n de t\u00edtulos y carnets profesionales, tienen que estar homologados y\/o autorizados por las administraciones competentes.<\/li>\n\n\n\n<li>4. Las entidades deber\u00e1n cumplir adem\u00e1s con las condiciones establecidas en el art\u00edculo 6 de la Orden TMS 368\/2019 por la que se desarrolla el Real Decreto 694\/2017, de 3 de julio, por el que se desarrolla la Ley 30\/2015, de 9 de septiembre, por la que se regula el Sistema de Formaci\u00f3n Profesional para el Empleo en el \u00e1mbito laboral, en relaci\u00f3n con la oferta formativa de las administraciones competentes y su financiaci\u00f3n, y se establecen las bases reguladoras para la concesi\u00f3n de subvenciones p\u00fablicas destinadas a su financiaci\u00f3n as\u00ed como, en su caso, los requisitos establecidos en el art\u00edculo 7 de la Orden EFP\/942\/2022, de 23 de septiembre, por la que se regula la oferta formativa del sistema de Formaci\u00f3n profesional en el \u00e1mbito laboral asociada al Cat\u00e1logo Nacional de Cualificaciones Profesionales efectuada por las administraciones competentes, se establecen bases reguladoras, as\u00ed como las condiciones para su financiaci\u00f3n.<\/li>\n<\/ul>\n\n\n\n<p style=\"font-size:28px\"><strong>Forma de Abono:<\/strong><\/p>\n\n\n\n<ul>\n<li>Se podr\u00e1 hacer un abono anticipado de un m\u00e1ximo del 80% de la subvenci\u00f3n y el 20% restante se har\u00e1 efectivo una vez finalizada y justificada la actividad formativa subvencionada.<\/li>\n<\/ul>\n\n\n\n<p class=\"has-text-align-center\" style=\"font-size:24px\">Echa un vistazo a nuestro cat\u00e1logo completo&nbsp;<a href=\"https:\/\/dgformacion.com\/categoria-curso\/contenido-en-formato-digital\/certificados-de-profesionalidad\/\" target=\"_blank\" rel=\"noreferrer noopener\">pinchando aqu\u00ed<\/a>.<\/p>\n\n\n\n<p class=\"has-text-align-center\">Contacta con nosotros a trav\u00e9s del 914 32 02 02, o info@dgformacion.com.<\/p>\n","protected":false},"excerpt":{"rendered":"<p>Queda publicada la concesi\u00f3n de subvenciones destinadas a la realizaci\u00f3n de acciones formativas dirigidas prioritariamente a personas trabajadoras desempleadas. Convoca:Gobierno de CanariasFecha de Solicitud:02\/07\/2024 hasta 22\/07\/2024Gestiona:Gobierno de CanariasLocalizaci\u00f3n de Acciones Subvencionables:CanariasObjeto:Convocar la concesi\u00f3n de subvenciones para el ejercicio 2024, para la realizaci\u00f3n de acciones de formaci\u00f3n profesional en el \u00e1mbito laboral para personas trabajadoras desempleadasBeneficiarios:Entidades &hellip;<\/p>\n","protected":false},"author":2,"featured_media":600,"comment_status":"closed","ping_status":"open","sticky":false,"template":"","format":"standard","meta":{"footnotes":"","_jetpack_memberships_contains_paid_content":false},"categories":[4],"tags":[82,78,80,17,67,81],"jetpack_sharing_enabled":true,"jetpack_featured_media_url":"https:\/\/blog.dgformacion.com\/wp-content\/uploads\/2024\/07\/trabDesemp_canarias2425.png","_links":{"self":[{"href":"https:\/\/blog.dgformacion.com\/index.php?rest_route=\/wp\/v2\/posts\/469"}],"collection":[{"href":"https:\/\/blog.dgformacion.com\/index.php?rest_route=\/wp\/v2\/posts"}],"about":[{"href":"https:\/\/blog.dgformacion.com\/index.php?rest_route=\/wp\/v2\/types\/post"}],"author":[{"embeddable":true,"href":"https:\/\/blog.dgformacion.com\/index.php?rest_route=\/wp\/v2\/users\/2"}],"replies":[{"embeddable":true,"href":"https:\/\/blog.dgformacion.com\/index.php?rest_route=%2Fwp%2Fv2%2Fcomments&post=469"}],"version-history":[{"count":2,"href":"https:\/\/blog.dgformacion.com\/index.php?rest_route=\/wp\/v2\/posts\/469\/revisions"}],"predecessor-version":[{"id":479,"href":"https:\/\/blog.dgformacion.com\/index.php?rest_route=\/wp\/v2\/posts\/469\/revisions\/479"}],"wp:featuredmedia":[{"embeddable":true,"href":"https:\/\/blog.dgformacion.com\/index.php?rest_route=\/wp\/v2\/media\/600"}],"wp:attachment":[{"href":"https:\/\/blog.dgformacion.com\/index.php?rest_route=%2Fwp%2Fv2%2Fmedia&parent=469"}],"wp:term":[{"taxonomy":"category","embeddable":true,"href":"https:\/\/blog.dgformacion.com\/index.php?rest_route=%2Fwp%2Fv2%2Fcategories&post=469"},{"taxonomy":"post_tag","embeddable":true,"href":"https:\/\/blog.dgformacion.com\/index.php?rest_route=%2Fwp%2Fv2%2Ftags&post=469"}],"curies":[{"name":"wp","href":"https:\/\/api.w.org\/{rel}","templated":true}]}}