{"id":478,"date":"2024-07-19T12:25:03","date_gmt":"2024-07-19T11:25:03","guid":{"rendered":"https:\/\/blog.dgformacion.com\/?p=478"},"modified":"2024-09-27T11:20:38","modified_gmt":"2024-09-27T10:20:38","slug":"madrid-convoca-subvenciones-para-la-financiacion-de-certificados-profesionales-con-prioridad-para-los-trabajadores-desempleados","status":"publish","type":"post","link":"https:\/\/blog.dgformacion.com\/?p=478","title":{"rendered":"Madrid convoca subvenciones para la financiaci\u00f3n de certificados profesionales, con prioridad para los trabajadores desempleados."},"content":{"rendered":"\n<p>Se ha publicado en el Bolet\u00edn Oficial de la Comunicad de Madrid, el extracto de la Orden de 10 de julio de 2024, de la Consejer\u00eda de Econom\u00eda, Hacienda y Empleo, por la que se convocan subvenciones para la financiaci\u00f3n de certificados profesionales, dirigidas prioritariamente a trabajadores desempleados, a realizar por entidades de formaci\u00f3n, para el a\u00f1o 2024.<\/p>\n\n\n\n<figure class=\"wp-block-table\"><table><tbody><tr><td><strong>Convoca:<\/strong><\/td><td>Comunidad de Madrid &#8211; Consejer\u00eda de Econom\u00eda, Hacienda y Empleo<\/td><\/tr><tr><td><strong>Fecha de Solicitud:<\/strong><\/td><td>06\/09\/2024<\/td><\/tr><tr><td><strong>Gestiona:<\/strong><\/td><td>Consejer\u00eda de Econom\u00eda, Hacienda y Empleo<\/td><\/tr><tr><td><strong>Localizaci\u00f3n de Acciones Subvencionables:<\/strong><\/td><td>Comunidad de Madrid<\/td><\/tr><tr><td><strong>Objeto:<\/strong><\/td><td>Se convocan para el a\u00f1o 2024, en r\u00e9gimen de concurrencia competitiva, una l\u00ednea espec\u00edfica de formaci\u00f3n para personas con necesidades formativas especiales (personas con capacidad intelectual l\u00edmite, discapacidad intelectual leve o discapacidad intelectual moderada), con el objeto de subvencionar certificados profesionales, impartidos en modalidad presencial.<\/td><\/tr><tr><td><strong>Categor\u00edas:<\/strong><\/td><td>Corporaciones LocalesEmpleoFormaci\u00f3nMinusv\u00e1lidos \/ Discapacitados<\/td><\/tr><tr><td><strong>Beneficiarios:<\/strong><\/td><td>Entidades sin \u00e1nimo de lucroOrganismos \/ Entidades P\u00fablicasUniversidades P\u00fablicas y Privadas \/ Centros de Ense\u00f1anza<\/td><\/tr><tr><td><strong>Beneficiarios detalle:<\/strong><\/td><td>Ser\u00e1n beneficiarios de las subvenciones los centros y las entidades de formaci\u00f3n p\u00fablicas o privadas, acreditadas, e inscritas en su caso, en el correspondiente Registro de Entidades de Formaci\u00f3n, para las acciones formativas objeto de la formaci\u00f3n, ya sea en la modalidad presencial, de teleformaci\u00f3n o mixta, y con presencia en el \u00e1mbito territorial al que vaya dirigida la convocatoria, debiendo disponer en dicho \u00e1mbito de instalaciones debidamente acreditadas, e inscritas en su caso, que permitan la impartici\u00f3n de las acciones formativas solicitadas. De acuerdo con lo establecido en el art\u00edculo 15.3 de la Ley 30\/2015, de 9 de septiembre, las instalaciones y recursos podr\u00e1n ser propios o bien de titularidad de terceras entidades privadas o p\u00fablicas cuando ello no implique subcontratar la ejecuci\u00f3n de la actividad formativa, debiendo aportar en este caso el correspondiente acuerdo o contrato de disponibilidad. &nbsp; Las entidades de formaci\u00f3n tendr\u00e1n que estar acreditadas en el Registro de Entidades de Formaci\u00f3n Profesional para el Empleo de la Comunidad de Madrid. &nbsp; Las entidades de formaci\u00f3n solicitantes de subvenci\u00f3n no deber\u00e1n estar incursas en las prohibiciones establecidas en el art\u00edculo 13 de la ley 38\/2003, de 17 de noviembre, General de Subvenciones y deber\u00e1n disponer en el \u00e1mbito territorial de la Comunidad de Madrid, de centros de formaci\u00f3n acreditados<\/td><\/tr><tr><td><strong>Localizaci\u00f3n del Beneficiario:<\/strong><\/td><td>Comunidad de Madrid<\/td><\/tr><\/tbody><\/table><\/figure>\n\n\n\n<p>Para m\u00e1s informaci\u00f3n:<\/p>\n\n\n\n<div class=\"wp-block-buttons is-content-justification-center is-layout-flex wp-container-core-buttons-layout-1 wp-block-buttons-is-layout-flex\">\n<div class=\"wp-block-button is-style-fill\"><a class=\"wp-block-button__link has-white-color has-text-color has-background has-link-color wp-element-button\" href=\"https:\/\/sede.comunidad.madrid\/ayudas-becas-subvenciones\/subvenciones-trabajadores-desempleados-0\" style=\"background-color:#8bae35\" target=\"_blank\" rel=\"noreferrer noopener\">Ver convocatoria<\/a><\/div>\n<\/div>\n\n\n\n<p><\/p>\n\n\n\n<p class=\"has-text-align-center\" style=\"font-size:24px\">Echa un vistazo a nuestro cat\u00e1logo completo\u00a0<a href=\"https:\/\/dgformacion.com\/categoria-curso\/contenido-en-formato-digital\/certificados-de-profesionalidad\/\" target=\"_blank\" rel=\"noreferrer noopener\">pinchando aqu\u00ed<\/a>.<\/p>\n\n\n\n<p class=\"has-text-align-center\">Contacta con nosotros a trav\u00e9s del 914 32 02 02, o info@dgformacion.com.<\/p>\n","protected":false},"excerpt":{"rendered":"<p>Se ha publicado en el Bolet\u00edn Oficial de la Comunicad de Madrid, el extracto de la Orden de 10 de julio de 2024, de la Consejer\u00eda de Econom\u00eda, Hacienda y Empleo, por la que se convocan subvenciones para la financiaci\u00f3n de certificados profesionales, dirigidas prioritariamente a trabajadores desempleados, a realizar por entidades de formaci\u00f3n, para &hellip;<\/p>\n","protected":false},"author":2,"featured_media":570,"comment_status":"closed","ping_status":"open","sticky":false,"template":"","format":"standard","meta":{"footnotes":"","_jetpack_memberships_contains_paid_content":false},"categories":[4],"tags":[78,83,80,17,67,81],"jetpack_sharing_enabled":true,"jetpack_featured_media_url":"https:\/\/blog.dgformacion.com\/wp-content\/uploads\/2024\/07\/desempleadosMAdrid24.png","_links":{"self":[{"href":"https:\/\/blog.dgformacion.com\/index.php?rest_route=\/wp\/v2\/posts\/478"}],"collection":[{"href":"https:\/\/blog.dgformacion.com\/index.php?rest_route=\/wp\/v2\/posts"}],"about":[{"href":"https:\/\/blog.dgformacion.com\/index.php?rest_route=\/wp\/v2\/types\/post"}],"author":[{"embeddable":true,"href":"https:\/\/blog.dgformacion.com\/index.php?rest_route=\/wp\/v2\/users\/2"}],"replies":[{"embeddable":true,"href":"https:\/\/blog.dgformacion.com\/index.php?rest_route=%2Fwp%2Fv2%2Fcomments&post=478"}],"version-history":[{"count":3,"href":"https:\/\/blog.dgformacion.com\/index.php?rest_route=\/wp\/v2\/posts\/478\/revisions"}],"predecessor-version":[{"id":483,"href":"https:\/\/blog.dgformacion.com\/index.php?rest_route=\/wp\/v2\/posts\/478\/revisions\/483"}],"wp:featuredmedia":[{"embeddable":true,"href":"https:\/\/blog.dgformacion.com\/index.php?rest_route=\/wp\/v2\/media\/570"}],"wp:attachment":[{"href":"https:\/\/blog.dgformacion.com\/index.php?rest_route=%2Fwp%2Fv2%2Fmedia&parent=478"}],"wp:term":[{"taxonomy":"category","embeddable":true,"href":"https:\/\/blog.dgformacion.com\/index.php?rest_route=%2Fwp%2Fv2%2Fcategories&post=478"},{"taxonomy":"post_tag","embeddable":true,"href":"https:\/\/blog.dgformacion.com\/index.php?rest_route=%2Fwp%2Fv2%2Ftags&post=478"}],"curies":[{"name":"wp","href":"https:\/\/api.w.org\/{rel}","templated":true}]}}