{"id":484,"date":"2024-07-19T12:28:31","date_gmt":"2024-07-19T11:28:31","guid":{"rendered":"https:\/\/blog.dgformacion.com\/?p=484"},"modified":"2024-09-27T11:20:20","modified_gmt":"2024-09-27T10:20:20","slug":"nueva-convocatoria-de-subvenciones-para-empleo-y-formacion-en-andalucia-2024-2025","status":"publish","type":"post","link":"https:\/\/blog.dgformacion.com\/?p=484","title":{"rendered":"Nueva convocatoria de subvenciones para empleo y formaci\u00f3n en Andaluc\u00eda, 2024-2025."},"content":{"rendered":"\n<p>La Junta de Andaluc\u00eda acaba de publicar la convocatoria de subvenciones ara el empleo y la formaci\u00f3n dentro de la comunidad autonoma para los a\u00f1os 2024 y 2025.<\/p>\n\n\n\n<figure class=\"wp-block-table\"><table><tbody><tr><td><strong>Convoca:<\/strong><\/td><td>Junta de Andaluc\u00eda.<\/td><\/tr><tr><td><strong>Fecha de Presentaci\u00f3n:<\/strong><\/td><td>El plazo de presentaci\u00f3n de solicitudes comprende desde el d\u00eda 16 de julio al 2 de agosto de 2024, ambos inclusive.<\/td><\/tr><tr><td><strong>Gestiona:<\/strong><\/td><td>Consejer\u00eda de Empleo, Empresa y Trabajo Aut\u00f3nomo.<\/td><\/tr><tr><td><strong>Localizaci\u00f3n de Acciones Subvencionables:<\/strong><\/td><td>Junta de Andaluc\u00eda<\/td><\/tr><tr><td><strong>Objeto:<\/strong><\/td><td>Ser\u00e1n objeto de subvenci\u00f3n p\u00fablica, en r\u00e9gimen de concurrencia competitiva, los proyectos de empleo y formaci\u00f3n en modalidad presencial, dirigidos a mejorar las posibilidades de inserci\u00f3n laboral de las personas inscritas como demandantes de empleo en situaci\u00f3n laboral de no ocupadas que participen en ellos a trav\u00e9s de su cualificaci\u00f3n en alternancia con la pr\u00e1ctica profesional, en el \u00e1mbito de la Comunidad Aut\u00f3noma de Andaluc\u00eda. &nbsp;<\/td><\/tr><tr><td><strong>Presupuesto:<\/strong><\/td><td>77.000.000,00 \u20ac<\/td><\/tr><tr><td><strong>Beneficiarios:<\/strong><\/td><td>Podr\u00e1n solicitar esta convocatoria entidades p\u00fablicas de Andaluc\u00eda y entidades privadas sin \u00e1nimo de lucro con sede en la Comunidad Aut\u00f3noma de Andaluc\u00eda<\/td><\/tr><tr><td><strong>Beneficiarios detalle:<\/strong><\/td><td>1. Podr\u00e1n participar en esta convocatoria y resultar entidades beneficiarias de esta subvenci\u00f3n las entidades contempladas en el art\u00edculo 5.1.a) y 5.1.b) de la Orden de 13 de septiembre de 2021, siempre que cumplan con los requisitos exigidos en el art\u00edculo 4.1 y 4.2 de dicha orden.2. A tales efectos, se entender\u00e1 por entidades locales las establecidas en el art\u00edculo 3 de la Ley 5\/2010, de 11 de junio, de Autonom\u00eda Local de Andaluc\u00eda, las modalidades de gesti\u00f3n propia de servicio p\u00fablico previstas en la Secci\u00f3n 2.\u00aa del Cap\u00edtulo I del T\u00edtulo II, las entidades de cooperaci\u00f3n territorial del Cap\u00edtulo II del T\u00edtulo V, as\u00ed como las entidades de gesti\u00f3n descentralizadas establecidas en el Cap\u00edtulo III del T\u00edtulo VII. Por tanto, podr\u00e1n participar las siguientes entidades:a)&nbsp;&nbsp;&nbsp;&nbsp; Municipios, a trav\u00e9s de sus respectivos Ayuntamientos.b)&nbsp;&nbsp;&nbsp;&nbsp; Provincias, a trav\u00e9s de sus respectivas Diputaciones.c)&nbsp;&nbsp;&nbsp;&nbsp; Las comarcas u otras entidades que agrupen varios municipios, instituidas por las Comunidades Aut\u00f3nomas y los correspondientes Estatutos de Autonom\u00eda, y las \u00c1reas Metropolitanas de conformidad con las letras a) y b) del art\u00edculo 3.2 de la Ley 7\/1985, de 2 de abril, Reguladora de las Bases del R\u00e9gimen Local.d)&nbsp;&nbsp;&nbsp;&nbsp; Agencias p\u00fablicas administrativas locales, agencias p\u00fablicas empresariales locales, agencias locales en r\u00e9gimen especial, sociedades mercantiles locales, sociedades interlocales y fundaciones p\u00fablicas locales de las previstas en el Cap\u00edtulo I del T\u00edtulo II de la Ley 5\/2010, de 11 de junio.e)&nbsp;&nbsp;&nbsp;&nbsp; Mancomunidades de municipios y consorcios locales, constituidos de acuerdo con lo establecido en el Cap\u00edtulo II del T\u00edtulo V de la Ley 5\/2010, de 11 de junio.f)&nbsp;&nbsp;&nbsp;&nbsp;&nbsp; Entidades locales aut\u00f3nomas y entidades vecinales de conformidad con lo dispuesto en el Cap\u00edtulo III del T\u00edtulo VII de la Ley 5\/2010, de 11 de junio.3. En ning\u00fan caso podr\u00e1n obtener la condici\u00f3n de entidades beneficiarias aquellas en quienes concurra alguna de las circunstancias previstas en el art\u00edculo 4.3 de la Orden de 13 de septiembre de 2021.4. Las entidades que resulten beneficiarias asumen la responsabilidad de la ejecuci\u00f3n del proyecto formativo subvencionado, siendo competentes para ejecutar la totalidad del proyecto conforme al art\u00edculo 5.2 de la Orden de 13 de septiembre de 2021.<\/td><\/tr><tr><td><strong>Localizaci\u00f3n del Beneficiario:<\/strong><\/td><td>Andaluc\u00eda<\/td><\/tr><\/tbody><\/table><\/figure>\n\n\n\n<p>Para m\u00e1s informaci\u00f3n:<\/p>\n\n\n\n<div class=\"wp-block-buttons is-content-justification-center is-layout-flex wp-container-core-buttons-layout-1 wp-block-buttons-is-layout-flex\">\n<div class=\"wp-block-button is-style-fill\"><a class=\"wp-block-button__link has-white-color has-text-color has-background has-link-color wp-element-button\" href=\"https:\/\/www.juntadeandalucia.es\/boja\/2024\/137\/1\" style=\"background-color:#8bae35\" target=\"_blank\" rel=\"noreferrer noopener\">Ver convocatoria<\/a><\/div>\n<\/div>\n\n\n\n<p><\/p>\n\n\n\n<p class=\"has-text-align-center\" style=\"font-size:24px\">Echa un vistazo a nuestro cat\u00e1logo completo&nbsp;<a href=\"https:\/\/dgformacion.com\/categoria-curso\/contenido-en-formato-digital\/certificados-de-profesionalidad\/\" target=\"_blank\" rel=\"noreferrer noopener\">pinchando aqu\u00ed<\/a>.<\/p>\n\n\n\n<p class=\"has-text-align-center\">Contacta con nosotros a trav\u00e9s del 914 32 02 02, o info@dgformacion.com.<\/p>\n","protected":false},"excerpt":{"rendered":"<p>La Junta de Andaluc\u00eda acaba de publicar la convocatoria de subvenciones ara el empleo y la formaci\u00f3n dentro de la comunidad autonoma para los a\u00f1os 2024 y 2025. Convoca:Junta de Andaluc\u00eda.Fecha de Presentaci\u00f3n:El plazo de presentaci\u00f3n de solicitudes comprende desde el d\u00eda 16 de julio al 2 de agosto de 2024, ambos inclusive.Gestiona:Consejer\u00eda de Empleo, &hellip;<\/p>\n","protected":false},"author":2,"featured_media":569,"comment_status":"closed","ping_status":"open","sticky":false,"template":"","format":"standard","meta":{"footnotes":"","_jetpack_memberships_contains_paid_content":false},"categories":[4],"tags":[11,78,80,17,67,81],"jetpack_sharing_enabled":true,"jetpack_featured_media_url":"https:\/\/blog.dgformacion.com\/wp-content\/uploads\/2024\/07\/desempleadosAndalucia_2425.png","_links":{"self":[{"href":"https:\/\/blog.dgformacion.com\/index.php?rest_route=\/wp\/v2\/posts\/484"}],"collection":[{"href":"https:\/\/blog.dgformacion.com\/index.php?rest_route=\/wp\/v2\/posts"}],"about":[{"href":"https:\/\/blog.dgformacion.com\/index.php?rest_route=\/wp\/v2\/types\/post"}],"author":[{"embeddable":true,"href":"https:\/\/blog.dgformacion.com\/index.php?rest_route=\/wp\/v2\/users\/2"}],"replies":[{"embeddable":true,"href":"https:\/\/blog.dgformacion.com\/index.php?rest_route=%2Fwp%2Fv2%2Fcomments&post=484"}],"version-history":[{"count":1,"href":"https:\/\/blog.dgformacion.com\/index.php?rest_route=\/wp\/v2\/posts\/484\/revisions"}],"predecessor-version":[{"id":486,"href":"https:\/\/blog.dgformacion.com\/index.php?rest_route=\/wp\/v2\/posts\/484\/revisions\/486"}],"wp:featuredmedia":[{"embeddable":true,"href":"https:\/\/blog.dgformacion.com\/index.php?rest_route=\/wp\/v2\/media\/569"}],"wp:attachment":[{"href":"https:\/\/blog.dgformacion.com\/index.php?rest_route=%2Fwp%2Fv2%2Fmedia&parent=484"}],"wp:term":[{"taxonomy":"category","embeddable":true,"href":"https:\/\/blog.dgformacion.com\/index.php?rest_route=%2Fwp%2Fv2%2Fcategories&post=484"},{"taxonomy":"post_tag","embeddable":true,"href":"https:\/\/blog.dgformacion.com\/index.php?rest_route=%2Fwp%2Fv2%2Ftags&post=484"}],"curies":[{"name":"wp","href":"https:\/\/api.w.org\/{rel}","templated":true}]}}