{"id":487,"date":"2024-07-24T09:55:04","date_gmt":"2024-07-24T08:55:04","guid":{"rendered":"https:\/\/blog.dgformacion.com\/?p=487"},"modified":"2024-09-27T11:20:10","modified_gmt":"2024-09-27T10:20:10","slug":"se-anuncian-subvenciones-a-especialidades-no-acreditables-para-desempleados-2024-en-la-comunidad-de-madrid","status":"publish","type":"post","link":"https:\/\/blog.dgformacion.com\/?p=487","title":{"rendered":"Subvenciones a especialidades NO ACREDITABLES para desempleados 2024, en la Comunidad de Madrid"},"content":{"rendered":"\n<p>Convocadas nuevas subvenciones para la financiaci\u00f3n de especialidades formativas no acreditables, dirigidas prioritariamente a trabajadores desempleados, a realizar por entidades de formaci\u00f3n, para el a\u00f1o 2024.<\/p>\n\n\n\n<p>Para m\u00e1s informaci\u00f3n:<\/p>\n\n\n\n<figure class=\"wp-block-table\"><table><tbody><tr><td><strong>Convoca:<\/strong><\/td><td>Comunidad de Madrid &#8211; Consejer\u00eda de Econom\u00eda, Hacienda y Empleo<\/td><\/tr><tr><td><strong>Cuant\u00eda:<\/strong><\/td><td>Para la financiaci\u00f3n de esta convocatoria se destinar\u00e1n cr\u00e9ditos presupuestarios que se imputar\u00e1n al programa 241A-Formaci\u00f3n para el empleo, subconcepto 49103, de los Presupuestos Generales de la Comunidad de Madrid para el a\u00f1o 2024. &nbsp; La cuant\u00eda m\u00e1xima para cada l\u00ednea de subvenci\u00f3n queda estimada en 10.000.000,00 euros, financiados por el Servicio P\u00fablico de Empleo Estatal, para formaci\u00f3n de especialidades formativas.<\/td><\/tr><tr><td><strong>Fecha de Solicitud:<\/strong><\/td><td>06\/09\/2024<\/td><\/tr><tr><td><strong>Gestiona:<\/strong><\/td><td>Consejer\u00eda de Econom\u00eda, Hacienda y Empleo<\/td><\/tr><tr><td><strong>Localizaci\u00f3n de Acciones Subvencionables:<\/strong><\/td><td>Comunidad de Madrid<\/td><\/tr><tr><td><strong>Objeto:<\/strong><\/td><td>Se convocan para el a\u00f1o 2024, en r\u00e9gimen de concurrencia competitiva, subvenciones para la financiaci\u00f3n de especialidades formativas, no acreditables, impartidas en las modalidades presencial, teleformaci\u00f3n y mixta, dirigidas prioritariamente a trabajadores desempleados, a impartir por entidades de formaci\u00f3n.<\/td><\/tr><tr><td><strong>Categor\u00edas:<\/strong><\/td><td>Corporaciones LocalesEmpleoFormaci\u00f3n<\/td><\/tr><tr><td><strong>Beneficiarios:<\/strong><\/td><td>Entidades sin \u00e1nimo de lucroOrganismos \/ Entidades P\u00fablicasUniversidades P\u00fablicas y Privadas \/ Centros de Ense\u00f1anza<\/td><\/tr><tr><td><strong>Beneficiarios detalle:<\/strong><\/td><td>Podr\u00e1n ser beneficiarios las entidades de formaci\u00f3n con presencia en la Comunidad de Madrid que cumplan los requisitos establecidos el art\u00edculo 6 de la Orden TMS\/368\/2019, de 28 de marzo. Salvo aquellas que re\u00fanan las condiciones para presentarse a la convocatoria espec\u00edfica de subvenciones para la financiaci\u00f3n de acciones de formaci\u00f3n, dirigidas prioritariamente a trabajadores desempleados, a realizar por entidades locales. &nbsp; Podr\u00e1n participar aquellas entidades de formaci\u00f3n con centros de formaci\u00f3n o centros asociados que a fecha de publicaci\u00f3n de esta convocatoria est\u00e9n en situaci\u00f3n de alta en el correspondiente Registro de Entidades de Formaci\u00f3n. &nbsp; Las entidades de formaci\u00f3n solicitantes de subvenci\u00f3n deber\u00e1n cumplir con los requisitos para ser beneficiario de subvenciones p\u00fablicas, establecidos en el art\u00edculo 13 de la ley 38\/2003, de 17 de noviembre, General de Subvenciones.<\/td><\/tr><tr><td><strong>Localizaci\u00f3n del Beneficiario:<\/strong><\/td><td>Comunidad de Madrid<\/td><\/tr><\/tbody><\/table><\/figure>\n\n\n\n<div class=\"wp-block-buttons is-content-justification-center is-layout-flex wp-container-core-buttons-layout-1 wp-block-buttons-is-layout-flex\">\n<div class=\"wp-block-button is-style-fill\"><a class=\"wp-block-button__link has-white-color has-text-color has-background has-link-color wp-element-button\" href=\"https:\/\/dgformacion.us18.list-manage.com\/track\/click?u=6120a2c888426876f2fc21ff1&amp;id=4eef7a6930&amp;e=e9e20dbf0d\" style=\"background-color:#8bae35\" target=\"_blank\" rel=\"noreferrer noopener\">Ver convocatoria<\/a><\/div>\n<\/div>\n\n\n\n<p><\/p>\n\n\n\n<p class=\"has-text-align-center\" style=\"font-size:24px\">Echa un vistazo a nuestro cat\u00e1logo completo&nbsp;<a href=\"https:\/\/dgformacion.com\/categoria-curso\/contenido-en-formato-digital\/certificados-de-profesionalidad\/\" target=\"_blank\" rel=\"noreferrer noopener\">pinchando aqu\u00ed<\/a>.<\/p>\n\n\n\n<p class=\"has-text-align-center\">Contacta con nosotros a trav\u00e9s del 914 32 02 02, o info@dgformacion.com.<\/p>\n","protected":false},"excerpt":{"rendered":"<p>Convocadas nuevas subvenciones para la financiaci\u00f3n de especialidades formativas no acreditables, dirigidas prioritariamente a trabajadores desempleados, a realizar por entidades de formaci\u00f3n, para el a\u00f1o 2024. Para m\u00e1s informaci\u00f3n: Convoca:Comunidad de Madrid &#8211; Consejer\u00eda de Econom\u00eda, Hacienda y EmpleoCuant\u00eda:Para la financiaci\u00f3n de esta convocatoria se destinar\u00e1n cr\u00e9ditos presupuestarios que se imputar\u00e1n al programa 241A-Formaci\u00f3n para &hellip;<\/p>\n","protected":false},"author":2,"featured_media":568,"comment_status":"closed","ping_status":"open","sticky":false,"template":"","format":"standard","meta":{"footnotes":"","_jetpack_memberships_contains_paid_content":false},"categories":[4],"tags":[78,83,80,17,67,81],"jetpack_sharing_enabled":true,"jetpack_featured_media_url":"https:\/\/blog.dgformacion.com\/wp-content\/uploads\/2024\/07\/especialidadesFormativas_madrid24.png","_links":{"self":[{"href":"https:\/\/blog.dgformacion.com\/index.php?rest_route=\/wp\/v2\/posts\/487"}],"collection":[{"href":"https:\/\/blog.dgformacion.com\/index.php?rest_route=\/wp\/v2\/posts"}],"about":[{"href":"https:\/\/blog.dgformacion.com\/index.php?rest_route=\/wp\/v2\/types\/post"}],"author":[{"embeddable":true,"href":"https:\/\/blog.dgformacion.com\/index.php?rest_route=\/wp\/v2\/users\/2"}],"replies":[{"embeddable":true,"href":"https:\/\/blog.dgformacion.com\/index.php?rest_route=%2Fwp%2Fv2%2Fcomments&post=487"}],"version-history":[{"count":5,"href":"https:\/\/blog.dgformacion.com\/index.php?rest_route=\/wp\/v2\/posts\/487\/revisions"}],"predecessor-version":[{"id":499,"href":"https:\/\/blog.dgformacion.com\/index.php?rest_route=\/wp\/v2\/posts\/487\/revisions\/499"}],"wp:featuredmedia":[{"embeddable":true,"href":"https:\/\/blog.dgformacion.com\/index.php?rest_route=\/wp\/v2\/media\/568"}],"wp:attachment":[{"href":"https:\/\/blog.dgformacion.com\/index.php?rest_route=%2Fwp%2Fv2%2Fmedia&parent=487"}],"wp:term":[{"taxonomy":"category","embeddable":true,"href":"https:\/\/blog.dgformacion.com\/index.php?rest_route=%2Fwp%2Fv2%2Fcategories&post=487"},{"taxonomy":"post_tag","embeddable":true,"href":"https:\/\/blog.dgformacion.com\/index.php?rest_route=%2Fwp%2Fv2%2Ftags&post=487"}],"curies":[{"name":"wp","href":"https:\/\/api.w.org\/{rel}","templated":true}]}}