{"id":497,"date":"2024-07-24T10:15:24","date_gmt":"2024-07-24T09:15:24","guid":{"rendered":"https:\/\/blog.dgformacion.com\/?p=497"},"modified":"2024-09-27T11:19:52","modified_gmt":"2024-09-27T10:19:52","slug":"principado-de-asturias-oferta-prioritariamente-a-personas-trabajadoras-desempleadas-no-conducentes-a-certificados-profesionales-sepe","status":"publish","type":"post","link":"https:\/\/blog.dgformacion.com\/?p=497","title":{"rendered":"Principado de Asturias: oferta prioritariamente a personas trabajadoras desempleadas no conducentes a certificados profesionales (SEPE)."},"content":{"rendered":"\n<p>Extracto de la Resoluci\u00f3n de 11 de julio de 2024, del Servicio P\u00fablico de Empleo del Principado de Asturias, por la que se convocan subvenciones p\u00fablicas para 2024-2025, con destino a la realizaci\u00f3n de la oferta dirigida prioritariamente a personas trabajadoras desempleadas no conducentes a certificados profesionales (SEPE).<\/p>\n\n\n\n<p>Para m\u00e1s informaci\u00f3n:<\/p>\n\n\n\n<div class=\"wp-block-buttons is-content-justification-center is-layout-flex wp-container-core-buttons-layout-1 wp-block-buttons-is-layout-flex\">\n<div class=\"wp-block-button is-style-fill\"><a class=\"wp-block-button__link has-white-color has-text-color has-background has-link-color wp-element-button\" href=\"https:\/\/sede.asturias.es\/bopa-disposiciones?p_p_id=pa_sede_bopa_web_portlet_SedeBopaDispositionWeb&amp;p_p_lifecycle=0&amp;_pa_sede_bopa_web_portlet_SedeBopaDispositionWeb_mvcRenderCommandName=%2Fdisposition%2Fdetail&amp;p_r_p_dispositionText=2024-06294&amp;p_r_p_dispositionReference=2024-06294&amp;p_r_p_dispositionDate=18%2F07%2F2024\" style=\"background-color:#8bae35\" target=\"_blank\" rel=\"noreferrer noopener\">Ver convocatoria<\/a><\/div>\n<\/div>\n\n\n\n<p><\/p>\n\n\n\n<p class=\"has-text-align-center\" style=\"font-size:24px\">Echa un vistazo a nuestro cat\u00e1logo completo&nbsp;<a href=\"https:\/\/dgformacion.com\/categoria-curso\/contenido-en-formato-digital\/certificados-de-profesionalidad\/\" target=\"_blank\" rel=\"noreferrer noopener\">pinchando aqu\u00ed<\/a>.<\/p>\n\n\n\n<p class=\"has-text-align-center\">Contacta con nosotros a trav\u00e9s del 914 32 02 02, o info@dgformacion.com.<\/p>\n","protected":false},"excerpt":{"rendered":"<p>Extracto de la Resoluci\u00f3n de 11 de julio de 2024, del Servicio P\u00fablico de Empleo del Principado de Asturias, por la que se convocan subvenciones p\u00fablicas para 2024-2025, con destino a la realizaci\u00f3n de la oferta dirigida prioritariamente a personas trabajadoras desempleadas no conducentes a certificados profesionales (SEPE). Para m\u00e1s informaci\u00f3n: Ver convocatoria Echa un &hellip;<\/p>\n","protected":false},"author":2,"featured_media":567,"comment_status":"closed","ping_status":"open","sticky":false,"template":"","format":"standard","meta":{"footnotes":"","_jetpack_memberships_contains_paid_content":false},"categories":[4],"tags":[86,78,80,85,17,67,81],"jetpack_sharing_enabled":true,"jetpack_featured_media_url":"https:\/\/blog.dgformacion.com\/wp-content\/uploads\/2024\/07\/noConduc_asturias24.png","_links":{"self":[{"href":"https:\/\/blog.dgformacion.com\/index.php?rest_route=\/wp\/v2\/posts\/497"}],"collection":[{"href":"https:\/\/blog.dgformacion.com\/index.php?rest_route=\/wp\/v2\/posts"}],"about":[{"href":"https:\/\/blog.dgformacion.com\/index.php?rest_route=\/wp\/v2\/types\/post"}],"author":[{"embeddable":true,"href":"https:\/\/blog.dgformacion.com\/index.php?rest_route=\/wp\/v2\/users\/2"}],"replies":[{"embeddable":true,"href":"https:\/\/blog.dgformacion.com\/index.php?rest_route=%2Fwp%2Fv2%2Fcomments&post=497"}],"version-history":[{"count":1,"href":"https:\/\/blog.dgformacion.com\/index.php?rest_route=\/wp\/v2\/posts\/497\/revisions"}],"predecessor-version":[{"id":500,"href":"https:\/\/blog.dgformacion.com\/index.php?rest_route=\/wp\/v2\/posts\/497\/revisions\/500"}],"wp:featuredmedia":[{"embeddable":true,"href":"https:\/\/blog.dgformacion.com\/index.php?rest_route=\/wp\/v2\/media\/567"}],"wp:attachment":[{"href":"https:\/\/blog.dgformacion.com\/index.php?rest_route=%2Fwp%2Fv2%2Fmedia&parent=497"}],"wp:term":[{"taxonomy":"category","embeddable":true,"href":"https:\/\/blog.dgformacion.com\/index.php?rest_route=%2Fwp%2Fv2%2Fcategories&post=497"},{"taxonomy":"post_tag","embeddable":true,"href":"https:\/\/blog.dgformacion.com\/index.php?rest_route=%2Fwp%2Fv2%2Ftags&post=497"}],"curies":[{"name":"wp","href":"https:\/\/api.w.org\/{rel}","templated":true}]}}