{"id":501,"date":"2024-07-24T10:44:35","date_gmt":"2024-07-24T09:44:35","guid":{"rendered":"https:\/\/blog.dgformacion.com\/?p=501"},"modified":"2024-09-27T11:19:35","modified_gmt":"2024-09-27T10:19:35","slug":"ayudas-para-la-formacion-en-la-comunidad-de-madrid-2024-en-la-comunidad-de-madrid","status":"publish","type":"post","link":"https:\/\/blog.dgformacion.com\/?p=501","title":{"rendered":"Ayudas para la Formaci\u00f3n en la Comunidad de Madrid 2024"},"content":{"rendered":"\n<p>Publicada el pasado viernes, 12 de julio, la convocatoria para subvenciones a la financiaci\u00f3n de acciones de formaci\u00f3n con compromiso de contrataci\u00f3n de los trabajadores desempleados, para el a\u00f1o 2024.<\/p>\n\n\n\n<p>El plazo de entrega de solicitudes es del 13 de julio hasta el 6 de septiembre.<\/p>\n\n\n\n<p>Para m\u00e1s informaci\u00f3n:<\/p>\n\n\n\n<div class=\"wp-block-buttons is-content-justification-center is-layout-flex wp-container-core-buttons-layout-1 wp-block-buttons-is-layout-flex\">\n<div class=\"wp-block-button is-style-fill\"><a class=\"wp-block-button__link has-white-color has-text-color has-background has-link-color wp-element-button\" href=\"https:\/\/www.bocm.es\/boletin\/CM_Orden_BOCM\/2024\/07\/12\/BOCM-20240712-21.PDF\" style=\"background-color:#8bae35\" target=\"_blank\" rel=\"noreferrer noopener\">Ver convocatoria<\/a><\/div>\n<\/div>\n\n\n\n<p><\/p>\n\n\n\n<p class=\"has-text-align-center\" style=\"font-size:24px\">Echa un vistazo a nuestro cat\u00e1logo completo&nbsp;<a href=\"https:\/\/dgformacion.com\/categoria-curso\/contenido-en-formato-digital\/certificados-de-profesionalidad\/\" target=\"_blank\" rel=\"noreferrer noopener\">pinchando aqu\u00ed<\/a>.<\/p>\n\n\n\n<p class=\"has-text-align-center\">Contacta con nosotros a trav\u00e9s del 914 32 02 02, o info@dgformacion.com.<\/p>\n","protected":false},"excerpt":{"rendered":"<p>Publicada el pasado viernes, 12 de julio, la convocatoria para subvenciones a la financiaci\u00f3n de acciones de formaci\u00f3n con compromiso de contrataci\u00f3n de los trabajadores desempleados, para el a\u00f1o 2024. El plazo de entrega de solicitudes es del 13 de julio hasta el 6 de septiembre. Para m\u00e1s informaci\u00f3n: Ver convocatoria Echa un vistazo a &hellip;<\/p>\n","protected":false},"author":2,"featured_media":566,"comment_status":"closed","ping_status":"open","sticky":false,"template":"","format":"standard","meta":{"footnotes":"","_jetpack_memberships_contains_paid_content":false},"categories":[4],"tags":[78,83,80,17,67,81],"jetpack_sharing_enabled":true,"jetpack_featured_media_url":"https:\/\/blog.dgformacion.com\/wp-content\/uploads\/2024\/07\/desempCompromisoCOntr_mad24.png","_links":{"self":[{"href":"https:\/\/blog.dgformacion.com\/index.php?rest_route=\/wp\/v2\/posts\/501"}],"collection":[{"href":"https:\/\/blog.dgformacion.com\/index.php?rest_route=\/wp\/v2\/posts"}],"about":[{"href":"https:\/\/blog.dgformacion.com\/index.php?rest_route=\/wp\/v2\/types\/post"}],"author":[{"embeddable":true,"href":"https:\/\/blog.dgformacion.com\/index.php?rest_route=\/wp\/v2\/users\/2"}],"replies":[{"embeddable":true,"href":"https:\/\/blog.dgformacion.com\/index.php?rest_route=%2Fwp%2Fv2%2Fcomments&post=501"}],"version-history":[{"count":2,"href":"https:\/\/blog.dgformacion.com\/index.php?rest_route=\/wp\/v2\/posts\/501\/revisions"}],"predecessor-version":[{"id":515,"href":"https:\/\/blog.dgformacion.com\/index.php?rest_route=\/wp\/v2\/posts\/501\/revisions\/515"}],"wp:featuredmedia":[{"embeddable":true,"href":"https:\/\/blog.dgformacion.com\/index.php?rest_route=\/wp\/v2\/media\/566"}],"wp:attachment":[{"href":"https:\/\/blog.dgformacion.com\/index.php?rest_route=%2Fwp%2Fv2%2Fmedia&parent=501"}],"wp:term":[{"taxonomy":"category","embeddable":true,"href":"https:\/\/blog.dgformacion.com\/index.php?rest_route=%2Fwp%2Fv2%2Fcategories&post=501"},{"taxonomy":"post_tag","embeddable":true,"href":"https:\/\/blog.dgformacion.com\/index.php?rest_route=%2Fwp%2Fv2%2Ftags&post=501"}],"curies":[{"name":"wp","href":"https:\/\/api.w.org\/{rel}","templated":true}]}}