{"id":510,"date":"2024-07-26T13:13:41","date_gmt":"2024-07-26T12:13:41","guid":{"rendered":"https:\/\/blog.dgformacion.com\/?p=510"},"modified":"2024-09-20T09:40:03","modified_gmt":"2024-09-20T08:40:03","slug":"ayudas-nacionales-del-programa-generacion-digital-pymes","status":"publish","type":"post","link":"https:\/\/blog.dgformacion.com\/?p=510","title":{"rendered":"Ayudas nacionales del programa \u00abGeneraci\u00f3n Digital PYMES\u00bb"},"content":{"rendered":"\n<p>Publicado en el BOE, el Extracto de la resoluci\u00f3n de 23 de julio de 2024 de la Fundaci\u00f3n EOI,F.S.P. por la que se convoca la concesi\u00f3n de ayudas del Programa <strong>\u00abGeneraci\u00f3n Digital Pymes: personas de equipos directivos y cualificaci\u00f3n de personas empleadas en PYMES\u00bb<\/strong>, en el marco del Plan de Recuperaci\u00f3n,Transformaci\u00f3n y Resiliencia.<\/p>\n\n\n\n<figure class=\"wp-block-table\"><table><tbody><tr><td><strong>Convoca:<\/strong><\/td><td>Ministerio de Industria y Turismo. EOI (Escuela de Organizaci\u00f3n Industrial).<\/td><\/tr><tr><td><strong>Fecha de Solicitud:<\/strong><\/td><td>18 de septiembre de 2024.<\/td><\/tr><tr><td><strong>Presupuesto:<\/strong><\/td><td>El presupuesto total de las ayudas en la presente convocatoria asciende a la cantidad de 50.700.000 \u20ac, que corresponden a la formaci\u00f3n de 39.000 personas.<\/td><\/tr><tr><td><strong>Requisitos:<\/strong><\/td><td>Dada la calidad acad\u00e9mica de excelencia requerida para conseguir el \u00e9xito en el cumplimiento del objetivo de estas formaciones, adem\u00e1s de los requisitos establecidos en el art\u00edculo 6 de la Orden ICT\/1081\/2022 de 7 de noviembre, modificada por la Orden ITU\/742\/2024, de 17 de julio, los beneficiarios deber\u00e1n acreditar que: &nbsp; a) Est\u00e1n legalmente constituidos, al menos, desde tres a\u00f1os antes de la fecha de publicaci\u00f3n en el \u00abBolet\u00edn Oficial del Estado\u00bb del extracto de esta convocatoria. &nbsp; b) Disponen de, al menos, un establecimiento o sucursal en Espa\u00f1a en el momento de presentaci\u00f3n de la solicitud. &nbsp; c) Son entidad de formaci\u00f3n reconocida en Espa\u00f1a. &nbsp; d) Disponen de, al menos, dos a\u00f1os de experiencia en formaci\u00f3n en el \u00e1mbito de la transformaci\u00f3n digital de la empresa (no entendi\u00e9ndose por transformaci\u00f3n digital aquellas formaciones en competencias digitales b\u00e1sicas) dirigidas a personas de equipos directivos y\/o personas del resto de \u00e1reas de trabajo de las pymes. &nbsp; e) Disponen de recursos econ\u00f3micos y materiales suficientes para ejecutar la ayuda solicitada, entendiendo como tales disponer de un volumen anual de negocios, referido al mejor ejercicio de los tres \u00faltimos disponibles, por un importe de al menos el importe de la ayuda total solicitada. &nbsp; f) Disponen de recursos humanos suficientes para ejecutar la ayuda solicitada, entendiendo como tales disponer, en el momento de presentaci\u00f3n de la solicitud, al menos el equivalente a tres personas a tiempo completo con relaci\u00f3n laboral con la entidad. Se deber\u00e1n comprometer, asimismo, a mantener estos recursos a lo largo del per\u00edodo de desarrollo de las actividades objeto de la subvenci\u00f3n.<\/td><\/tr><tr><td><strong>Objeto:<\/strong><\/td><td>El objeto de la convocatoria es seleccionar, en r\u00e9gimen de concurrencia competitiva, los beneficiarios de las ayudas que deber\u00e1n desarrollar Programas de Formaci\u00f3n en el \u00e1mbito de la Transformaci\u00f3n Digital dirigidos a personas de equipos directivos as\u00ed como trabajadores de la pyme que requieran una actualizaci\u00f3n o desarrollo de competencias en digitalizaci\u00f3n para un mejor desempe\u00f1o de la empresa en todo el territorio nacional. &nbsp; El objetivo de estas ayudas es incrementar las competencias digitales de las personas de equipos directivos y del resto de \u00e1reas de las peque\u00f1as y medianas empresas. Esta formaci\u00f3n en gesti\u00f3n digital contribuir\u00e1 a la mejora de la productividad de estas empresas, as\u00ed como su competitividad y posibilidades decrecimiento e internacionalizaci\u00f3n.<\/td><\/tr><tr><td><strong>Beneficiarios:<\/strong><\/td><td>Podr\u00e1n tener la condici\u00f3n de beneficiarias las entidades de formaci\u00f3n reconocidas en Espa\u00f1a siempre que est\u00e9n v\u00e1lidamente constituidas al menos, desde tres a\u00f1os antes de la fecha de publicaci\u00f3n en el \u00abBolet\u00edn Oficial del Estado\u00bb del extracto de la convocatoria, dispongan de al menos, un establecimiento o sucursal, en Espa\u00f1a en el momento de presentaci\u00f3n de la solicitud, y de dos a\u00f1os, al menos, de experiencia en formaci\u00f3n en el \u00e1mbito de la transformaci\u00f3n digital dela empresa (no entendi\u00e9ndose por transformaci\u00f3n digital aquellas formaciones en competencias digitales b\u00e1sicas).<\/td><\/tr><tr><td><strong>Localizaci\u00f3n del Beneficiario:<\/strong><\/td><td>Nacional.<\/td><\/tr><\/tbody><\/table><\/figure>\n\n\n\n<p>Para m\u00e1s informaci\u00f3n acerca de la convocatoria, visital el siguiente enlace:<\/p>\n\n\n\n<div class=\"wp-block-buttons is-content-justification-center is-layout-flex wp-container-core-buttons-layout-1 wp-block-buttons-is-layout-flex\">\n<div class=\"wp-block-button\"><a class=\"wp-block-button__link has-white-color has-text-color has-background has-link-color wp-element-button\" style=\"background-color:#8bae35\">Ver convocatoria<\/a><\/div>\n<\/div>\n\n\n\n<p class=\"has-text-align-center\" style=\"font-size:24px\">Echa un vistazo a nuestro cat\u00e1logo completo\u00a0<a href=\"https:\/\/dgformacion.com\/categoria-curso\/contenido-en-formato-digital\/certificados-de-profesionalidad\/\" target=\"_blank\" rel=\"noreferrer noopener\">pinchando aqu\u00ed<\/a>.<\/p>\n\n\n\n<p class=\"has-text-align-center\">Contacta con nosotros a trav\u00e9s del 914 32 02 02, o info@dgformacion.com.<\/p>\n","protected":false},"excerpt":{"rendered":"<p>Publicado en el BOE, el Extracto de la resoluci\u00f3n de 23 de julio de 2024 de la Fundaci\u00f3n EOI,F.S.P. por la que se convoca la concesi\u00f3n de ayudas del Programa \u00abGeneraci\u00f3n Digital Pymes: personas de equipos directivos y cualificaci\u00f3n de personas empleadas en PYMES\u00bb, en el marco del Plan de Recuperaci\u00f3n,Transformaci\u00f3n y Resiliencia. Convoca:Ministerio de &hellip;<\/p>\n","protected":false},"author":2,"featured_media":543,"comment_status":"closed","ping_status":"open","sticky":false,"template":"","format":"standard","meta":{"footnotes":"","_jetpack_memberships_contains_paid_content":false},"categories":[4],"tags":[96,97,95,31,78,7,94,62,87,67],"jetpack_sharing_enabled":true,"jetpack_featured_media_url":"https:\/\/blog.dgformacion.com\/wp-content\/uploads\/2024\/07\/GenDigP_julio24_ESP-1.png","_links":{"self":[{"href":"https:\/\/blog.dgformacion.com\/index.php?rest_route=\/wp\/v2\/posts\/510"}],"collection":[{"href":"https:\/\/blog.dgformacion.com\/index.php?rest_route=\/wp\/v2\/posts"}],"about":[{"href":"https:\/\/blog.dgformacion.com\/index.php?rest_route=\/wp\/v2\/types\/post"}],"author":[{"embeddable":true,"href":"https:\/\/blog.dgformacion.com\/index.php?rest_route=\/wp\/v2\/users\/2"}],"replies":[{"embeddable":true,"href":"https:\/\/blog.dgformacion.com\/index.php?rest_route=%2Fwp%2Fv2%2Fcomments&post=510"}],"version-history":[{"count":1,"href":"https:\/\/blog.dgformacion.com\/index.php?rest_route=\/wp\/v2\/posts\/510\/revisions"}],"predecessor-version":[{"id":517,"href":"https:\/\/blog.dgformacion.com\/index.php?rest_route=\/wp\/v2\/posts\/510\/revisions\/517"}],"wp:featuredmedia":[{"embeddable":true,"href":"https:\/\/blog.dgformacion.com\/index.php?rest_route=\/wp\/v2\/media\/543"}],"wp:attachment":[{"href":"https:\/\/blog.dgformacion.com\/index.php?rest_route=%2Fwp%2Fv2%2Fmedia&parent=510"}],"wp:term":[{"taxonomy":"category","embeddable":true,"href":"https:\/\/blog.dgformacion.com\/index.php?rest_route=%2Fwp%2Fv2%2Fcategories&post=510"},{"taxonomy":"post_tag","embeddable":true,"href":"https:\/\/blog.dgformacion.com\/index.php?rest_route=%2Fwp%2Fv2%2Ftags&post=510"}],"curies":[{"name":"wp","href":"https:\/\/api.w.org\/{rel}","templated":true}]}}