{"id":538,"date":"2024-09-18T11:31:54","date_gmt":"2024-09-18T10:31:54","guid":{"rendered":"https:\/\/blog.dgformacion.com\/?p=538"},"modified":"2024-09-18T11:46:13","modified_gmt":"2024-09-18T10:46:13","slug":"convocatoria-de-la-junta-de-castilla-la-mancha-para-poblacion-activa-2024-2025","status":"publish","type":"post","link":"https:\/\/blog.dgformacion.com\/?p=538","title":{"rendered":"CONVOCATORIA de la Junta de Castilla-La Mancha para poblaci\u00f3n ACTIVA, 2024 &#8211; 2025"},"content":{"rendered":"\n<p>El Diario Oficial de Castilla La Mancha, bajo la Orden 144\/2024, de 16 de agosto, de la Consejer\u00eda de Econom\u00eda, Empresas y Empleo, ha publicado las bases reguladoras de subvenciones para la formaci\u00f3n modular destinada a la cualificaci\u00f3n y recualificaci\u00f3n de la poblaci\u00f3n activa, en el marco del componente 20 -Plan estrat\u00e9gico de impulso de la Formaci\u00f3n Profesional- del Plan de Recuperaci\u00f3n, Transformaci\u00f3n y Resiliencia, financiado por la Uni\u00f3n Europea -Next Generation EU-, y se realiza su convocatoria para el periodo 2024-2025.<\/p>\n\n\n\n<figure class=\"wp-block-table\"><table><tbody><tr><td><strong>Convoca:<\/strong><\/td><td>Junta de Castilla-La Mancha &#8211; Consejer\u00eda de Econom\u00eda, Empresas y Empleo<\/td><\/tr><tr><td><strong>Fecha de Solicitud:<\/strong><\/td><td>06\/11\/2024<\/td><\/tr><tr><td><strong>Gestiona:<\/strong><\/td><td>Consejer\u00eda de Econom\u00eda, Empresas y Empleo<\/td><\/tr><tr><td><strong>Localizaci\u00f3n de Acciones Subvencionables:<\/strong><\/td><td>Castilla-La Mancha<\/td><\/tr><tr><td><strong>Objeto:<\/strong><\/td><td>Establecer las bases reguladoras para la concesi\u00f3n de subvenciones para la realizaci\u00f3n de formaci\u00f3n modular destinada a la cualificaci\u00f3n y recualificaci\u00f3n de la poblaci\u00f3n activa, en el marco del Plan de Recuperaci\u00f3n, Transformaci\u00f3n y Resiliencia, financiado por la Uni\u00f3n Europea &#8211; Next Generation EU, y realizar su convocatoria para el periodo 2024-2025.<\/td><\/tr><tr><td><strong>Categor\u00edas:<\/strong><\/td><td>Educaci\u00f3n y Ciencia   |   Formaci\u00f3n   |   Recursos Humanos<\/td><\/tr><tr><td><strong>Beneficiarios:<\/strong><\/td><td>Agrupaciones de inter\u00e9s econ\u00f3mico \/ de empresas \/ de personas f\u00edsicas y jur\u00eddicas<br>Asociaciones<br>Aut\u00f3nomos<br>Cooperativas y Sociedades Laborales no Agrarias<br>Empresas (m\u00e1s de 250 empleados)<br>Entidades sin \u00e1nimo de lucro<br>Fundaciones<br>Microempresas (menos de 10 empleados)<br>Organizaciones Empresariales y Sindicales<br>Pymes (menos de 250 empleados)<br>Sociedades Civiles<br>Universidades P\u00fablicas y Privadas \/ Centros de Ense\u00f1anza<\/td><\/tr><tr><td><strong>Localizaci\u00f3n del Beneficiario:<\/strong><\/td><td>Castilla-La Mancha<\/td><\/tr><\/tbody><\/table><\/figure>\n\n\n\n<p>Para m\u00e1s informaci\u00f3n acerca de la convocatoria, visital el siguiente enlace:<\/p>\n\n\n\n<div class=\"wp-block-buttons is-content-justification-center is-layout-flex wp-container-core-buttons-layout-1 wp-block-buttons-is-layout-flex\">\n<div class=\"wp-block-button\"><a class=\"wp-block-button__link has-white-color has-text-color has-background has-link-color wp-element-button\" href=\"https:\/\/laadministracionaldia.inap.es\/noticia.asp?id=1247457\" style=\"background-color:#8bae35\" target=\"_blank\" rel=\"noreferrer noopener\">Ver convocatoria<\/a><\/div>\n<\/div>\n\n\n\n<p><\/p>\n\n\n\n<p class=\"has-text-align-center\" style=\"font-size:24px\">Echa un vistazo a nuestro cat\u00e1logo completo&nbsp;<a href=\"https:\/\/dgformacion.com\/categoria-curso\/contenido-en-formato-digital\/certificados-de-profesionalidad\/\" target=\"_blank\" rel=\"noreferrer noopener\">pinchando aqu\u00ed<\/a>.<\/p>\n\n\n\n<p class=\"has-text-align-center\">Contacta con nosotros a trav\u00e9s del 914 32 02 02, o info@dgformacion.com.<\/p>\n","protected":false},"excerpt":{"rendered":"<p>El Diario Oficial de Castilla La Mancha, bajo la Orden 144\/2024, de 16 de agosto, de la Consejer\u00eda de Econom\u00eda, Empresas y Empleo, ha publicado las bases reguladoras de subvenciones para la formaci\u00f3n modular destinada a la cualificaci\u00f3n y recualificaci\u00f3n de la poblaci\u00f3n activa, en el marco del componente 20 -Plan estrat\u00e9gico de impulso de &hellip;<\/p>\n","protected":false},"author":2,"featured_media":539,"comment_status":"closed","ping_status":"open","sticky":false,"template":"","format":"standard","meta":{"footnotes":"","_jetpack_memberships_contains_paid_content":false},"categories":[4],"tags":[60,91,31,64,90,19,89,66,65,92,67],"jetpack_sharing_enabled":true,"jetpack_featured_media_url":"https:\/\/blog.dgformacion.com\/wp-content\/uploads\/2024\/09\/cualifRecual_castMAnch2425.png","_links":{"self":[{"href":"https:\/\/blog.dgformacion.com\/index.php?rest_route=\/wp\/v2\/posts\/538"}],"collection":[{"href":"https:\/\/blog.dgformacion.com\/index.php?rest_route=\/wp\/v2\/posts"}],"about":[{"href":"https:\/\/blog.dgformacion.com\/index.php?rest_route=\/wp\/v2\/types\/post"}],"author":[{"embeddable":true,"href":"https:\/\/blog.dgformacion.com\/index.php?rest_route=\/wp\/v2\/users\/2"}],"replies":[{"embeddable":true,"href":"https:\/\/blog.dgformacion.com\/index.php?rest_route=%2Fwp%2Fv2%2Fcomments&post=538"}],"version-history":[{"count":2,"href":"https:\/\/blog.dgformacion.com\/index.php?rest_route=\/wp\/v2\/posts\/538\/revisions"}],"predecessor-version":[{"id":542,"href":"https:\/\/blog.dgformacion.com\/index.php?rest_route=\/wp\/v2\/posts\/538\/revisions\/542"}],"wp:featuredmedia":[{"embeddable":true,"href":"https:\/\/blog.dgformacion.com\/index.php?rest_route=\/wp\/v2\/media\/539"}],"wp:attachment":[{"href":"https:\/\/blog.dgformacion.com\/index.php?rest_route=%2Fwp%2Fv2%2Fmedia&parent=538"}],"wp:term":[{"taxonomy":"category","embeddable":true,"href":"https:\/\/blog.dgformacion.com\/index.php?rest_route=%2Fwp%2Fv2%2Fcategories&post=538"},{"taxonomy":"post_tag","embeddable":true,"href":"https:\/\/blog.dgformacion.com\/index.php?rest_route=%2Fwp%2Fv2%2Ftags&post=538"}],"curies":[{"name":"wp","href":"https:\/\/api.w.org\/{rel}","templated":true}]}}