{"id":549,"date":"2024-09-20T09:36:50","date_gmt":"2024-09-20T08:36:50","guid":{"rendered":"https:\/\/blog.dgformacion.com\/?p=549"},"modified":"2024-09-20T09:36:51","modified_gmt":"2024-09-20T08:36:51","slug":"princ-de-asturias-publica-convocatoria-para-desempleados-2024-2025","status":"publish","type":"post","link":"https:\/\/blog.dgformacion.com\/?p=549","title":{"rendered":"Princ. de Asturias publica convocatoria para desempleados, 2024 &#8211; 2025"},"content":{"rendered":"\n<p>Recientemente se ha publicado en el B. O. del Principado de Asturias la convocatoria de 2024-2025 para la formaci\u00f3n de personas trabajadoras desempleadas en el Principado de Asturias.<\/p>\n\n\n\n<figure class=\"wp-block-table\"><table><tbody><tr><td><strong>Convoca:<\/strong><\/td><td>Principado de Asturias &#8211; Consejer\u00eda de Ciencia, Empresas, Formacion y Empleo<\/td><\/tr><tr><td><strong>Fecha de Solicitud:<\/strong><\/td><td>08\/10\/2024<\/td><\/tr><tr><td><strong>Gestiona:<\/strong><\/td><td>Consejer\u00eda de Ciencia, Empresas, Formacion y Empleo<\/td><\/tr><tr><td><strong>Localizaci\u00f3n de Acciones Subvencionables:<\/strong><\/td><td>Principado de Asturias<\/td><\/tr><tr><td><strong>Objeto:<\/strong><\/td><td>Financiar acciones formativas para el empleo conducentes a la obtenci\u00f3n de certificados profesionales en la Comunidad Aut\u00f3noma del Principado de Asturias dirigidas prioritariamente a personas trabajadoras desempleadas e incluidas en el listado de especialidades prioritarias que figuran como anexo.<\/td><\/tr><tr><td><strong>Categor\u00edas:<\/strong><\/td><td>Empleo<br>Formaci\u00f3n<\/td><\/tr><tr><td><strong>Beneficiarios:<\/strong><\/td><td>Asociaciones   |   Entidades sin \u00e1nimo de lucro   |   FundacionesOrganismos \/ Entidades P\u00fablicas   |   Universidades P\u00fablicas y Privadas \/ Centros de Ense\u00f1anza<\/td><\/tr><tr><td><strong>Beneficiarios detalle:<\/strong><\/td><td>Ser\u00e1n beneficiarias de las subvenciones los centros y entidades de formaci\u00f3n p\u00fablicas o privadas acreditadas e inscritas, en el correspondiente Registro de Entidades de Formaci\u00f3n para las acciones formativas objeto de formaci\u00f3n, ya sea en la modalidad presencial o de teleformaci\u00f3n, en el momento de publicaci\u00f3n del extracto en el Bolet\u00edn Oficial del Principado de Asturias, debiendo disponer en el territorio del Principado de Asturias de instalaciones debidamente acreditadas que permitan la impartici\u00f3n de las acciones formativas solicitadas.<\/td><\/tr><tr><td><strong>Localizaci\u00f3n del Beneficiario:<\/strong><\/td><td>Principado de Asturias<\/td><\/tr><\/tbody><\/table><\/figure>\n\n\n\n<p>Para m\u00e1s informaci\u00f3n acerca de la convocatoria, visital el siguiente enlace:<\/p>\n\n\n\n<div class=\"wp-block-buttons is-content-justification-center is-layout-flex wp-container-core-buttons-layout-1 wp-block-buttons-is-layout-flex\">\n<div class=\"wp-block-button\"><a class=\"wp-block-button__link has-white-color has-text-color has-background has-link-color wp-element-button\" href=\"https:\/\/sietess.es\/wp-content\/uploads\/2024\/09\/2024-07767.pdf\" style=\"background-color:#8bae35\" target=\"_blank\" rel=\"noreferrer noopener\">Ver convocatoria<\/a><\/div>\n<\/div>\n\n\n\n<p><\/p>\n\n\n\n<p class=\"has-text-align-center\" style=\"font-size:24px\">Echa un vistazo a nuestro cat\u00e1logo completo&nbsp;<a href=\"https:\/\/dgformacion.com\/categoria-curso\/contenido-en-formato-digital\/certificados-de-profesionalidad\/\" target=\"_blank\" rel=\"noreferrer noopener\">pinchando aqu\u00ed<\/a>.<\/p>\n\n\n\n<p class=\"has-text-align-center\">Contacta con nosotros a trav\u00e9s del 914 32 02 02, o info@dgformacion.com.<\/p>\n","protected":false},"excerpt":{"rendered":"<p>Recientemente se ha publicado en el B. O. del Principado de Asturias la convocatoria de 2024-2025 para la formaci\u00f3n de personas trabajadoras desempleadas en el Principado de Asturias. Convoca:Principado de Asturias &#8211; Consejer\u00eda de Ciencia, Empresas, Formacion y EmpleoFecha de Solicitud:08\/10\/2024Gestiona:Consejer\u00eda de Ciencia, Empresas, Formacion y EmpleoLocalizaci\u00f3n de Acciones Subvencionables:Principado de AsturiasObjeto:Financiar acciones formativas para &hellip;<\/p>\n","protected":false},"author":2,"featured_media":550,"comment_status":"closed","ping_status":"open","sticky":false,"template":"","format":"standard","meta":{"footnotes":"","_jetpack_memberships_contains_paid_content":false},"categories":[4],"tags":[86,91,31,64,78,90,19,89,66,85,67],"jetpack_sharing_enabled":true,"jetpack_featured_media_url":"https:\/\/blog.dgformacion.com\/wp-content\/uploads\/2024\/09\/trabDesempl_asturias2425.png","_links":{"self":[{"href":"https:\/\/blog.dgformacion.com\/index.php?rest_route=\/wp\/v2\/posts\/549"}],"collection":[{"href":"https:\/\/blog.dgformacion.com\/index.php?rest_route=\/wp\/v2\/posts"}],"about":[{"href":"https:\/\/blog.dgformacion.com\/index.php?rest_route=\/wp\/v2\/types\/post"}],"author":[{"embeddable":true,"href":"https:\/\/blog.dgformacion.com\/index.php?rest_route=\/wp\/v2\/users\/2"}],"replies":[{"embeddable":true,"href":"https:\/\/blog.dgformacion.com\/index.php?rest_route=%2Fwp%2Fv2%2Fcomments&post=549"}],"version-history":[{"count":1,"href":"https:\/\/blog.dgformacion.com\/index.php?rest_route=\/wp\/v2\/posts\/549\/revisions"}],"predecessor-version":[{"id":551,"href":"https:\/\/blog.dgformacion.com\/index.php?rest_route=\/wp\/v2\/posts\/549\/revisions\/551"}],"wp:featuredmedia":[{"embeddable":true,"href":"https:\/\/blog.dgformacion.com\/index.php?rest_route=\/wp\/v2\/media\/550"}],"wp:attachment":[{"href":"https:\/\/blog.dgformacion.com\/index.php?rest_route=%2Fwp%2Fv2%2Fmedia&parent=549"}],"wp:term":[{"taxonomy":"category","embeddable":true,"href":"https:\/\/blog.dgformacion.com\/index.php?rest_route=%2Fwp%2Fv2%2Fcategories&post=549"},{"taxonomy":"post_tag","embeddable":true,"href":"https:\/\/blog.dgformacion.com\/index.php?rest_route=%2Fwp%2Fv2%2Ftags&post=549"}],"curies":[{"name":"wp","href":"https:\/\/api.w.org\/{rel}","templated":true}]}}