{"id":590,"date":"2024-10-03T09:13:10","date_gmt":"2024-10-03T08:13:10","guid":{"rendered":"https:\/\/blog.dgformacion.com\/?p=590"},"modified":"2024-10-03T09:20:36","modified_gmt":"2024-10-03T08:20:36","slug":"la-formacion-en-alternancia-de-femxa-1-de-octubre-2024","status":"publish","type":"post","link":"https:\/\/blog.dgformacion.com\/?p=590","title":{"rendered":"La Formaci\u00f3n en Alternancia, de Femxa &#8211; 1 de octubre, 2024"},"content":{"rendered":"\n<p>Hoy asistimos a la jornada de Formaci\u00f3n en Alternancia de Femxa en la sede de la CEOE, una jornada donde exploramos el \u00abTalento cualificado para la eficiencia y sostenibilidad empresarial\u00bb.<\/p>\n\n\n\n<p>En esta reuni\u00f3n, examinamos c\u00f3mo la formaci\u00f3n en alternancia se consolida como un pilar estrat\u00e9gico para incrementar la eficiencia y la productividad empresarial. Adem\u00e1s, investigamos de qu\u00e9 manera esta modalidad educativa favorece la sostenibilidad de las organizaciones, al disminuir la rotaci\u00f3n de empleados, optimizar los recursos y promover una cultura organizacional flexible y alineada con los objetivos a largo plazo.<\/p>\n\n\n\n<figure class=\"wp-block-gallery has-nested-images columns-default is-cropped wp-block-gallery-1 is-layout-flex wp-block-gallery-is-layout-flex\">\n<figure class=\"wp-block-image size-large\"><img loading=\"lazy\" decoding=\"async\" width=\"1024\" height=\"576\" data-id=\"593\" src=\"https:\/\/blog.dgformacion.com\/wp-content\/uploads\/2024\/10\/WhatsApp-Image-2024-10-01-at-13.04.39-1024x576.jpeg\" alt=\"\" class=\"wp-image-593\" srcset=\"https:\/\/blog.dgformacion.com\/wp-content\/uploads\/2024\/10\/WhatsApp-Image-2024-10-01-at-13.04.39-1024x576.jpeg 1024w, https:\/\/blog.dgformacion.com\/wp-content\/uploads\/2024\/10\/WhatsApp-Image-2024-10-01-at-13.04.39-300x169.jpeg 300w, https:\/\/blog.dgformacion.com\/wp-content\/uploads\/2024\/10\/WhatsApp-Image-2024-10-01-at-13.04.39-768x432.jpeg 768w, https:\/\/blog.dgformacion.com\/wp-content\/uploads\/2024\/10\/WhatsApp-Image-2024-10-01-at-13.04.39-1536x864.jpeg 1536w, https:\/\/blog.dgformacion.com\/wp-content\/uploads\/2024\/10\/WhatsApp-Image-2024-10-01-at-13.04.39-390x220.jpeg 390w, https:\/\/blog.dgformacion.com\/wp-content\/uploads\/2024\/10\/WhatsApp-Image-2024-10-01-at-13.04.39.jpeg 1600w\" sizes=\"(max-width: 1024px) 100vw, 1024px\" \/><\/figure>\n\n\n\n<figure class=\"wp-block-image size-large\"><img loading=\"lazy\" decoding=\"async\" width=\"1024\" height=\"576\" data-id=\"594\" src=\"https:\/\/blog.dgformacion.com\/wp-content\/uploads\/2024\/10\/WhatsApp-Image-2024-10-01-at-13.04.39-1-1024x576.jpeg\" alt=\"\" class=\"wp-image-594\" srcset=\"https:\/\/blog.dgformacion.com\/wp-content\/uploads\/2024\/10\/WhatsApp-Image-2024-10-01-at-13.04.39-1-1024x576.jpeg 1024w, https:\/\/blog.dgformacion.com\/wp-content\/uploads\/2024\/10\/WhatsApp-Image-2024-10-01-at-13.04.39-1-300x169.jpeg 300w, https:\/\/blog.dgformacion.com\/wp-content\/uploads\/2024\/10\/WhatsApp-Image-2024-10-01-at-13.04.39-1-768x432.jpeg 768w, https:\/\/blog.dgformacion.com\/wp-content\/uploads\/2024\/10\/WhatsApp-Image-2024-10-01-at-13.04.39-1-1536x864.jpeg 1536w, https:\/\/blog.dgformacion.com\/wp-content\/uploads\/2024\/10\/WhatsApp-Image-2024-10-01-at-13.04.39-1-390x220.jpeg 390w, https:\/\/blog.dgformacion.com\/wp-content\/uploads\/2024\/10\/WhatsApp-Image-2024-10-01-at-13.04.39-1.jpeg 1600w\" sizes=\"(max-width: 1024px) 100vw, 1024px\" \/><\/figure>\n<\/figure>\n\n\n\n<p>Muchas gracias a Cesar de la Fuente y al resto de participantes de la mesa. \u00a1Maravillosa ponencia! Salimos con muchos deberes e ideas. \u00a1Hasta la pr\u00f3xima!<\/p>\n\n\n\n<p>\ud83d\udc4f\ud83d\udc4f\ud83d\udc4f<\/p>\n\n\n\n<hr class=\"wp-block-separator has-alpha-channel-opacity is-style-wide\"\/>\n\n\n\n<p class=\"has-text-align-center\" style=\"font-size:24px\">Echa un vistazo a nuestro cat\u00e1logo completo&nbsp;<a href=\"https:\/\/dgformacion.com\/categoria-curso\/contenido-en-formato-digital\/certificados-de-profesionalidad\/\" target=\"_blank\" rel=\"noreferrer noopener\">pinchando aqu\u00ed<\/a>.<\/p>\n\n\n\n<p class=\"has-text-align-center\" style=\"font-size:16px\">Contacta con nosotros a trav\u00e9s del 914 32 02 02, o info@dgformacion.com.<\/p>\n","protected":false},"excerpt":{"rendered":"<p>Hoy asistimos a la jornada de Formaci\u00f3n en Alternancia de Femxa en la sede de la CEOE, una jornada donde exploramos el \u00abTalento cualificado para la eficiencia y sostenibilidad empresarial\u00bb. En esta reuni\u00f3n, examinamos c\u00f3mo la formaci\u00f3n en alternancia se consolida como un pilar estrat\u00e9gico para incrementar la eficiencia y la productividad empresarial. Adem\u00e1s, investigamos &hellip;<\/p>\n","protected":false},"author":2,"featured_media":595,"comment_status":"closed","ping_status":"open","sticky":false,"template":"","format":"standard","meta":{"footnotes":"","_jetpack_memberships_contains_paid_content":false},"categories":[3],"tags":[34,53,23,33,21,55,19,54,32,83,28,20,22,30,17,101,100],"jetpack_sharing_enabled":true,"jetpack_featured_media_url":"https:\/\/blog.dgformacion.com\/wp-content\/uploads\/2024\/10\/femxa_octubre24.png","_links":{"self":[{"href":"https:\/\/blog.dgformacion.com\/index.php?rest_route=\/wp\/v2\/posts\/590"}],"collection":[{"href":"https:\/\/blog.dgformacion.com\/index.php?rest_route=\/wp\/v2\/posts"}],"about":[{"href":"https:\/\/blog.dgformacion.com\/index.php?rest_route=\/wp\/v2\/types\/post"}],"author":[{"embeddable":true,"href":"https:\/\/blog.dgformacion.com\/index.php?rest_route=\/wp\/v2\/users\/2"}],"replies":[{"embeddable":true,"href":"https:\/\/blog.dgformacion.com\/index.php?rest_route=%2Fwp%2Fv2%2Fcomments&post=590"}],"version-history":[{"count":3,"href":"https:\/\/blog.dgformacion.com\/index.php?rest_route=\/wp\/v2\/posts\/590\/revisions"}],"predecessor-version":[{"id":597,"href":"https:\/\/blog.dgformacion.com\/index.php?rest_route=\/wp\/v2\/posts\/590\/revisions\/597"}],"wp:featuredmedia":[{"embeddable":true,"href":"https:\/\/blog.dgformacion.com\/index.php?rest_route=\/wp\/v2\/media\/595"}],"wp:attachment":[{"href":"https:\/\/blog.dgformacion.com\/index.php?rest_route=%2Fwp%2Fv2%2Fmedia&parent=590"}],"wp:term":[{"taxonomy":"category","embeddable":true,"href":"https:\/\/blog.dgformacion.com\/index.php?rest_route=%2Fwp%2Fv2%2Fcategories&post=590"},{"taxonomy":"post_tag","embeddable":true,"href":"https:\/\/blog.dgformacion.com\/index.php?rest_route=%2Fwp%2Fv2%2Ftags&post=590"}],"curies":[{"name":"wp","href":"https:\/\/api.w.org\/{rel}","templated":true}]}}