{"id":612,"date":"2024-10-04T09:15:26","date_gmt":"2024-10-04T08:15:26","guid":{"rendered":"https:\/\/blog.dgformacion.com\/?p=612"},"modified":"2024-10-04T09:34:53","modified_gmt":"2024-10-04T08:34:53","slug":"subvenciones-para-la-formacion-mediante-fp-para-trabajadores-desempleados-del-servicio-cantabro-de-empleo-octubre-2024","status":"publish","type":"post","link":"https:\/\/blog.dgformacion.com\/?p=612","title":{"rendered":"Subvenciones para la formaci\u00f3n mediante FP para trabajadores desempleados, del Servicio C\u00e1ntabro de Empleo, octubre 2024"},"content":{"rendered":"\n<p>Se aprueban la convocatoria en 2024 y normas de procedimiento para el otorgamiento de subvenciones destinadas al desarrollo de acciones formativas en el \u00e1mbito laboral asociadas al Cat\u00e1logo Nacional de Cualifcaciones Profesionales del Servicio C\u00e1ntabro de Empleo para personas trabajadoras desempleadas.<\/p>\n\n\n\n<figure class=\"wp-block-table\"><table><tbody><tr><td><strong>Acciones Subvencionables:<\/strong><\/td><td>Las acciones formativas subvencionables deber\u00e1n estar incluidas en el anexo III de esta orden. En dichos anexos figuran especialidades formativas dirigidas a la obtenci\u00f3n de certificados profesionales, especialidades formativas correspondientes a competencias clave para el acceso a los certificados profesionales y especialidades formativas que proporcionan los conocimientos del idioma necesario para poderse presentar a las pruebas de acreditaci\u00f3n oficial del nivel del Marco Com\u00fan Europeo de Referencia para las Lenguas (MCERL).<\/td><\/tr><tr><td><strong>convoca:<\/strong><\/td><td>Gobierno de Cantabria &#8211; Consejer\u00eda de Industria, Empleo, Innovaci\u00f3n, y Comercio<\/td><\/tr><tr><td><strong>Fecha de Solicitud:<\/strong><\/td><td>16\/10\/2024<\/td><\/tr><tr><td><strong>Gestiona:<\/strong><\/td><td>Consejer\u00eda de Industria, Empleo, Innovaci\u00f3n, y Comercio<\/td><\/tr><tr><td><strong>Localizaci\u00f3n de Acciones Subvencionables:<\/strong><\/td><td>Cantabria<\/td><\/tr><tr><td><strong>objeto:<\/strong><\/td><td>Constituye el objeto de esta orden la aprobaci\u00f3n de la convocatoria en 2024 y normas de procedimiento para el otorgamiento de subvenciones destinadas al desarrollo de acciones formativas, dentro de la iniciativa de oferta formativa del Sistema de Formaci\u00f3n profesional en el \u00e1mbito laboral asociada al Cat\u00e1logo Nacional de Cualificaciones Profesionales del Servicio C\u00e1ntabro de Empleo para personas trabajadoras desempleadas. &nbsp; <br><br>En la presente convocatoria \u00fanicamente ser\u00e1 objeto de financiaci\u00f3n la impartici\u00f3n de las siguientes especialidades formativas y modalidades: &nbsp; <br><br>a) Especialidades formativas dirigidas a la obtenci\u00f3n de certificados profesionales, en modalidad presencial (incluido el m\u00e9todo mixto de impartici\u00f3n presencial tradicional y aula virtual), y en modalidad virtual (teleformaci\u00f3n) para el certificado profesional \u00abHabilitaci\u00f3n para la docencia en grados A, B y C del Sistema de Formaci\u00f3n Profesional\u00bb. &nbsp; <br><br>b) Especialidades formativas no dirigidas a la obtenci\u00f3n de certificados profesionales de uso general, en modalidad presencial (incluido el m\u00e9todo mixto de impartici\u00f3n presencial tradicional y aula virtual), que figuren en el Cat\u00e1logo de especialidades previsto en el art\u00edculo 20 de la Ley 30\/2015, de 9 de septiembre, correspondientes a competencias clave para el acceso a los certificados profesionales y formaci\u00f3n que proporcione los conocimientos del idioma necesario para poderse presentar a la pruebas de acreditaci\u00f3n oficial del nivel del Marco Com\u00fan Europeo de Referencia para las Lenguas (MCERL).<\/td><\/tr><tr><td><strong>Categor\u00edas:<\/strong><\/td><td>Educaci\u00f3n y Ciencia Empleo Recursos Humanos<\/td><\/tr><tr><td><strong>Beneficiarios:<\/strong><\/td><td>Aut\u00f3nomos Cooperativas y Sociedades Laborales no Agrarias Empresas (m\u00e1s de 250 empleados) Microempresas (menos de 10 empleados) Pymes (menos de 250 empleados) Sociedades Civiles<\/td><\/tr><tr><td><strong>Beneficiarios detalle:<\/strong><\/td><td>1. Podr\u00e1n ser beneficiarias de las subvenciones contempladas en esta orden, siempre que no incurran en ninguna de las causas previstas en los apartados 1, 2, 3 y 3 bis del art\u00edculo 13 de la Ley 38\/2003, de 17 de noviembre, ni en los apartados 1, 2 y 3 del art\u00edculo 12 de la Ley de Cantabria 10\/2006, de 17 de julio: &nbsp; <br><br>a) En formaci\u00f3n dirigida a la obtenci\u00f3n de certificados profesionales, en modalidad presencial, las entidades de formaci\u00f3n que cumplan alguno de los siguientes requisitos: &nbsp; <br><br>      1.\u00ba Que est\u00e9n en situaci\u00f3n de alta en el Registro competente y autorizados para impartir certificados profesionales de acuerdo con lo establecido en el Real Decreto 659\/2023 del 18 de julio, siempre y cuando dispongan de infraestructuras que hagan posible la impartici\u00f3n en el territorio de la Comunidad Aut\u00f3noma de Cantabria debidamente acreditadas para la especialidad formativa objeto de la formaci\u00f3n a fecha de publicaci\u00f3n del extracto de la convocatoria en el \u00abBolet\u00edn Oficial de Cantabria\u00bb. &nbsp; <br><br>      2.\u00ba Que la solicitud de autorizaci\u00f3n, respecto de la infraestructura que haga posible la impartici\u00f3n de la formaci\u00f3n en el territorio de la Comunidad Aut\u00f3noma de Cantabria, de alguna de las especialidades formativas de certificado profesional, contenidas en el Cat\u00e1logo Nacional de Ofertas de Formaci\u00f3n Profesional, est\u00e9 pendiente de Resoluci\u00f3n en la fecha de publicaci\u00f3n del extracto de la convocatoria en el \u00abBolet\u00edn Oficial de Cantabria\u00bb, quedando supeditada la participaci\u00f3n en la misma a la obtenci\u00f3n de la Resoluci\u00f3n positiva de la acreditaci\u00f3n de las especialidades solicitadas, con car\u00e1cter previo a la propuesta de Resoluci\u00f3n. &nbsp; <br><br>      3.\u00ba Que presenten la solicitud de autorizaci\u00f3n, respecto de la infraestructura que haga posible la impartici\u00f3n de la formaci\u00f3n en el territorio de la Comunidad Aut\u00f3noma de Cantabria, simult\u00e1neamente a la solicitud de subvenci\u00f3n, en el caso de que en el momento de presentar la solicitud de subvenci\u00f3n no hubieran solicitado la autorizaci\u00f3n en la especialidad solicitada, quedando supeditada la participaci\u00f3n en la misma, a la obtenci\u00f3n de la Resoluci\u00f3n positiva de la autorizaci\u00f3n de las especialidades solicitadas, con car\u00e1cter previo a la propuesta de Resoluci\u00f3n. &nbsp; <br><br>b) En la formaci\u00f3n para el certificado profesional \u00abHabilitaci\u00f3n para la docencia en grados A, B y C del Sistema de Formaci\u00f3n Profesional\u00bb, en modalidad virtual (teleformaci\u00f3n), las entidades de formaci\u00f3n que cumplan alguno de los siguientes requisitos: &nbsp; <br><br>      1.\u00ba Que est\u00e9n en situaci\u00f3n de alta en el Registro competente y autorizados para impartir el certificado profesional \u00abHabilitaci\u00f3n para la docencia en grados A, B y C del Sistema de Formaci\u00f3n Profesional\u00bb en modalidad virtual (teleformaci\u00f3n), de acuerdo con lo establecido en el Real Decreto 659\/2023 del 18 de julio, siempre y cuando dispongan de un convenio de colaboraci\u00f3n con una entidad de formaci\u00f3n con instalaciones en Cantabria autorizada para impartir dicho certificado de profesionalidad en modalidad presencial, para realizar pruebas de evaluaci\u00f3n final o sesiones de car\u00e1cter presencial, de acuerdo a lo que se establezca. &nbsp; <br><br>      2.\u00ba Que la solicitud de autorizaci\u00f3n, para impartir el certificado profesional \u00abHabilitaci\u00f3n para la docencia en grados A, B y C del Sistema de Formaci\u00f3n Profesional\u00bb en modalidad virtual (teleformaci\u00f3n), est\u00e9 pendiente de Resoluci\u00f3n en la fecha de publicaci\u00f3n del extracto de la convocatoria en el \u00abBolet\u00edn Oficial de Cantabria\u00bb, quedando supeditada la participaci\u00f3n en la misma a la obtenci\u00f3n de la Resoluci\u00f3n positiva. Ser\u00e1 necesario que dispongan de un convenio de colaboraci\u00f3n con una entidad de formaci\u00f3n con instalaciones en Cantabria autorizada para impartir dicho certificado de profesionalidad en modalidad presencial, para realizar pruebas de evaluaci\u00f3n final o sesiones de car\u00e1cter presencial, de acuerdo a lo que se establezca. &nbsp; <br><br>      3.\u00ba Que presenten la solicitud de autorizaci\u00f3n para impartir el certificado profesional \u00abHabilitaci\u00f3n para la docencia en grados A, B y C del Sistema de Formaci\u00f3n Profesional\u00bb en modalidad virtual (teleformaci\u00f3n), simult\u00e1neamente a la solicitud de subvenci\u00f3n, en el caso de que en el momento de presentar la solicitud de subvenci\u00f3n no hubieran solicitado la autorizaci\u00f3n, quedando supeditada la participaci\u00f3n en la misma, a la obtenci\u00f3n de la Resoluci\u00f3n positiva. &nbsp; Ser\u00e1 necesario que dispongan de un convenio de colaboraci\u00f3n con una entidad de formaci\u00f3n con instalaciones en Cantabria autorizada para impartir dicho certificado de profesionalidad en modalidad presencial, para realizar pruebas de evaluaci\u00f3n final o sesiones de car\u00e1cter presencial, de acuerdo a lo que se establezca. &nbsp; <br><br>c) En la formaci\u00f3n no dirigida a la obtenci\u00f3n de certificados profesionales, en modalidad presencial, las entidades de formaci\u00f3n que cumplan alguno de los siguientes requisitos: &nbsp; <br><br>      1.\u00ba Que est\u00e9n en situaci\u00f3n de alta en el Registro competente de acuerdo a la Orden TMS\/369\/2019, de 28 de marzo, siempre y cuando dispongan de la infraestructura que haga posible la impartici\u00f3n de la formaci\u00f3n en el territorio de la Comunidad Aut\u00f3noma de Cantabria debidamente inscritas para la especialidad formativa objeto de la formaci\u00f3n, a fecha de publicaci\u00f3n del extracto de la convocatoria en el \u00abBolet\u00edn Oficial de Cantabria\u00bb. &nbsp; <br><br>      2.\u00ba Que hayan presentado la correspondiente declaraci\u00f3n responsable, respecto de la infraestructura que haga posible la impartici\u00f3n de la formaci\u00f3n en el territorio de la Comunidad Aut\u00f3noma de Cantabria, para impartir especialidades formativas no dirigidas a la obtenci\u00f3n de certificados profesionales objeto de la formaci\u00f3n, en fecha anterior a la publicaci\u00f3n del extracto de la convocatoria en el \u00abBolet\u00edn Oficial de Cantabria\u00bb, aun cuando no se hubiera procedido en ese momento a inscribir de oficio a la entidad de formaci\u00f3n en el registro. Todo ello, sin perjuicio de la supervisi\u00f3n posterior del cumplimiento de los requisitos establecidos. &nbsp; <br><br>      3.\u00ba Que presenten la declaraci\u00f3n responsable simult\u00e1neamente a la solicitud de subvenci\u00f3n, respecto de la infraestructura que haga posible la impartici\u00f3n de la formaci\u00f3n en el territorio de la Comunidad Aut\u00f3noma de Cantabria, en el caso de que en el momento de presentar la solicitud de subvenci\u00f3n no hubieran presentado la declaraci\u00f3n responsable sobre la especialidad solicitada. Todo ello, sin perjuicio de la supervisi\u00f3n posterior del cumplimiento de los requisitos establecidos.<\/td><\/tr><tr><td><strong>Localizaci\u00f3n del Beneficiario:<\/strong><\/td><td>Cantabria<\/td><\/tr><\/tbody><\/table><\/figure>\n\n\n\n<p>Para m\u00e1s informaci\u00f3n acerca de la convocatoria, visital el siguiente enlace:<\/p>\n\n\n\n<div class=\"wp-block-buttons is-content-justification-center is-layout-flex wp-container-core-buttons-layout-1 wp-block-buttons-is-layout-flex\">\n<div class=\"wp-block-button\"><a class=\"wp-block-button__link has-white-color has-text-color has-background has-link-color wp-element-button\" href=\"https:\/\/boc.cantabria.es\/boces\/boletines.do?boton=accesos&amp;id=37543#dpto619955\" style=\"background-color:#8bae35\" target=\"_blank\" rel=\"noreferrer noopener\">Ver convocatoria<\/a><\/div>\n<\/div>\n\n\n\n<p><\/p>\n\n\n\n<p class=\"has-text-align-center\" style=\"font-size:24px\">Echa un vistazo a nuestro cat\u00e1logo completo&nbsp;<a href=\"https:\/\/dgformacion.com\/categoria-curso\/contenido-en-formato-digital\/certificados-de-profesionalidad\/\" target=\"_blank\" rel=\"noreferrer noopener\">pinchando aqu\u00ed<\/a>.<\/p>\n\n\n\n<p class=\"has-text-align-center\">Contacta con nosotros a trav\u00e9s del 914 32 02 02, o info@dgformacion.com.<\/p>\n","protected":false},"excerpt":{"rendered":"<p>Se aprueban la convocatoria en 2024 y normas de procedimiento para el otorgamiento de subvenciones destinadas al desarrollo de acciones formativas en el \u00e1mbito laboral asociadas al Cat\u00e1logo Nacional de Cualifcaciones Profesionales del Servicio C\u00e1ntabro de Empleo para personas trabajadoras desempleadas. Acciones Subvencionables:Las acciones formativas subvencionables deber\u00e1n estar incluidas en el anexo III de esta &hellip;<\/p>\n","protected":false},"author":2,"featured_media":613,"comment_status":"closed","ping_status":"open","sticky":false,"template":"","format":"standard","meta":{"footnotes":"","_jetpack_memberships_contains_paid_content":false},"categories":[4],"tags":[102,91,31,64,78,90,19,89,66,85,67],"jetpack_sharing_enabled":true,"jetpack_featured_media_url":"https:\/\/blog.dgformacion.com\/wp-content\/uploads\/2024\/10\/trabDesempl_octubre24_cantabria.png","_links":{"self":[{"href":"https:\/\/blog.dgformacion.com\/index.php?rest_route=\/wp\/v2\/posts\/612"}],"collection":[{"href":"https:\/\/blog.dgformacion.com\/index.php?rest_route=\/wp\/v2\/posts"}],"about":[{"href":"https:\/\/blog.dgformacion.com\/index.php?rest_route=\/wp\/v2\/types\/post"}],"author":[{"embeddable":true,"href":"https:\/\/blog.dgformacion.com\/index.php?rest_route=\/wp\/v2\/users\/2"}],"replies":[{"embeddable":true,"href":"https:\/\/blog.dgformacion.com\/index.php?rest_route=%2Fwp%2Fv2%2Fcomments&post=612"}],"version-history":[{"count":3,"href":"https:\/\/blog.dgformacion.com\/index.php?rest_route=\/wp\/v2\/posts\/612\/revisions"}],"predecessor-version":[{"id":621,"href":"https:\/\/blog.dgformacion.com\/index.php?rest_route=\/wp\/v2\/posts\/612\/revisions\/621"}],"wp:featuredmedia":[{"embeddable":true,"href":"https:\/\/blog.dgformacion.com\/index.php?rest_route=\/wp\/v2\/media\/613"}],"wp:attachment":[{"href":"https:\/\/blog.dgformacion.com\/index.php?rest_route=%2Fwp%2Fv2%2Fmedia&parent=612"}],"wp:term":[{"taxonomy":"category","embeddable":true,"href":"https:\/\/blog.dgformacion.com\/index.php?rest_route=%2Fwp%2Fv2%2Fcategories&post=612"},{"taxonomy":"post_tag","embeddable":true,"href":"https:\/\/blog.dgformacion.com\/index.php?rest_route=%2Fwp%2Fv2%2Ftags&post=612"}],"curies":[{"name":"wp","href":"https:\/\/api.w.org\/{rel}","templated":true}]}}