{"id":615,"date":"2024-10-04T09:29:35","date_gmt":"2024-10-04T08:29:35","guid":{"rendered":"https:\/\/blog.dgformacion.com\/?p=615"},"modified":"2024-10-04T09:38:45","modified_gmt":"2024-10-04T08:38:45","slug":"formacion-transversal-conducente-a-certificado-profesional-para-personas-ocupadas-octubre-2024","status":"publish","type":"post","link":"https:\/\/blog.dgformacion.com\/?p=615","title":{"rendered":"Formaci\u00f3n transversal conducente a certificado profesional para personas ocupadas, Pr. de Asturias, octubre 2024"},"content":{"rendered":"\n<p>Se convocan subvenciones p\u00fablicas para el per\u00edodo 2024\/2025 con destino a la realizaci\u00f3n de programas de formaci\u00f3n transversales conducentes a certificados profesionales dirigidas prioritariamente para personas ocupadas en el \u00e1mbito del Principado de Asturias.  <\/p>\n\n\n\n<p>(Extracto de la Resoluci\u00f3n de 13 de septiembre de 2024, del Servicio P\u00fablico de Empleo del Principado de Asturias).<\/p>\n\n\n\n<figure class=\"wp-block-table\"><table><tbody><tr><td><strong>Convoca:<\/strong><\/td><td>Principado de Asturias &#8211; Consejer\u00eda de Ciencia, Empresas, Formaci\u00f3n y Empleo<\/td><\/tr><tr><td><strong>Cuant\u00eda:<\/strong><\/td><td>La cuant\u00eda m\u00e1xima de subvenci\u00f3n de cada programa ser\u00e1 la suma del coste subvencionable de todas las acciones formativas que lo integran. Calcul\u00e1ndose la cuant\u00eda m\u00e1xima de subvenci\u00f3n a conceder para cada acci\u00f3n formativa mediante la suma de los siguientes importes: &nbsp; <br><br>1. N\u00famero total de horas de formaci\u00f3n te\u00f3rica por el n\u00famero de participantes y por el importe del m\u00f3dulo econ\u00f3mico que rija en cada especialidad (seg\u00fan lo establecido en la Resoluci\u00f3n de 26 de septiembre de 2014, del Servicio P\u00fablico de Empleo, por la que se modifica la Resoluci\u00f3n de 28 de febrero que establec\u00eda m\u00f3dulos econ\u00f3micos de especialidades de formaci\u00f3n para el empleo (BOPA n.\u00ba 252, de 30 de octubre de 2014). &nbsp; <br><br>2. Y , en su caso, el n\u00famero total de horas de formaci\u00f3n en empresa u organismo equiparado por el n\u00famero de participantes y a un m\u00f3dulo econ\u00f3mico de 3 euros por participante y hora.<\/td><\/tr><tr><td><strong>Fecha de Solicitud:<\/strong><\/td><td>21\/10\/2024<\/td><\/tr><tr><td><strong>gestiona:<\/strong><\/td><td>Consejer\u00eda de Ciencia, Empresas, Formaci\u00f3n y Empleo<\/td><\/tr><tr><td><strong>Localizaci\u00f3n de Acciones Subvencionables:<\/strong><\/td><td>Principado de Asturias<\/td><\/tr><tr><td><strong>objeto:<\/strong><\/td><td>La financiaci\u00f3n de programas de formaci\u00f3n transversales en el \u00e1mbito laboral asociada al Cat\u00e1logo Nacional de Cualificaciones Profesionales prioritariamente para personas ocupadas, en la Comunidad Aut\u00f3noma del Principado de Asturias.<\/td><\/tr><tr><td><strong>Categor\u00edas:<\/strong><\/td><td>Educaci\u00f3n y Ciencia<\/td><\/tr><tr><td><strong>Beneficiarios:<\/strong><\/td><td>Aut\u00f3nomos, Cooperativas y Sociedades Laborales no Agrarias, Microempresas (menos de 10 empleados), Organismos \/ Entidades P\u00fablicas, Pymes (menos de 250 empleados), Sociedades Civiles, Universidades P\u00fablicas y Privadas \/ Centros de Ense\u00f1anza<\/td><\/tr><tr><td><strong>Beneficiarios detalle:<\/strong><\/td><td>Ser\u00e1n beneficiarias de las subvenciones los centros y las entidades de formaci\u00f3n p\u00fablicas o privadas, acreditadas, en el correspondiente Registro de Entidades de Formaci\u00f3n, para las acciones formativas objeto de la formaci\u00f3n, a fecha de publicaci\u00f3n de la convocatoria, y con instalaciones debidamente acreditadas en el Principado de Asturias que permitan la impartici\u00f3n de las acciones formativas solicitadas.<\/td><\/tr><tr><td><strong>Localizaci\u00f3n del Beneficiario:<\/strong><\/td><td>Principado de Asturias<\/td><\/tr><\/tbody><\/table><\/figure>\n\n\n\n<p>Para m\u00e1s informaci\u00f3n acerca de la convocatoria, visital el siguiente enlace:<\/p>\n\n\n\n<div class=\"wp-block-buttons is-content-justification-center is-layout-flex wp-container-core-buttons-layout-1 wp-block-buttons-is-layout-flex\">\n<div class=\"wp-block-button\"><a class=\"wp-block-button__link has-white-color has-text-color has-background has-link-color wp-element-button\" href=\"https:\/\/sede.consorcioaa.com:555\/opensiac\/action\/infopublica?method=descarga&amp;id=98&amp;nombre=QW51bmNpbyBU6WNuaWNvIE1lZGlvIEluZm9ybeF0aWNhIFRJQy1TSUMucGRm\" style=\"background-color:#8bae35\" target=\"_blank\" rel=\"noreferrer noopener\">Ver convocatoria<\/a><\/div>\n<\/div>\n\n\n\n<p><\/p>\n\n\n\n<p class=\"has-text-align-center\" style=\"font-size:24px\">Echa un vistazo a nuestro cat\u00e1logo completo&nbsp;<a href=\"https:\/\/dgformacion.com\/categoria-curso\/contenido-en-formato-digital\/certificados-de-profesionalidad\/\" target=\"_blank\" rel=\"noreferrer noopener\">pinchando aqu\u00ed<\/a>.<\/p>\n\n\n\n<p class=\"has-text-align-center\">Contacta con nosotros a trav\u00e9s del 914 32 02 02, o info@dgformacion.com.<\/p>\n","protected":false},"excerpt":{"rendered":"<p>Se convocan subvenciones p\u00fablicas para el per\u00edodo 2024\/2025 con destino a la realizaci\u00f3n de programas de formaci\u00f3n transversales conducentes a certificados profesionales dirigidas prioritariamente para personas ocupadas en el \u00e1mbito del Principado de Asturias. (Extracto de la Resoluci\u00f3n de 13 de septiembre de 2024, del Servicio P\u00fablico de Empleo del Principado de Asturias). Convoca:Principado de &hellip;<\/p>\n","protected":false},"author":2,"featured_media":616,"comment_status":"closed","ping_status":"open","sticky":false,"template":"","format":"standard","meta":{"footnotes":"","_jetpack_memberships_contains_paid_content":false},"categories":[4],"tags":[91,104,31,64,78,90,19,89,66,85,67,103],"jetpack_sharing_enabled":true,"jetpack_featured_media_url":"https:\/\/blog.dgformacion.com\/wp-content\/uploads\/2024\/10\/formTrans_asturias_oct24.png","_links":{"self":[{"href":"https:\/\/blog.dgformacion.com\/index.php?rest_route=\/wp\/v2\/posts\/615"}],"collection":[{"href":"https:\/\/blog.dgformacion.com\/index.php?rest_route=\/wp\/v2\/posts"}],"about":[{"href":"https:\/\/blog.dgformacion.com\/index.php?rest_route=\/wp\/v2\/types\/post"}],"author":[{"embeddable":true,"href":"https:\/\/blog.dgformacion.com\/index.php?rest_route=\/wp\/v2\/users\/2"}],"replies":[{"embeddable":true,"href":"https:\/\/blog.dgformacion.com\/index.php?rest_route=%2Fwp%2Fv2%2Fcomments&post=615"}],"version-history":[{"count":5,"href":"https:\/\/blog.dgformacion.com\/index.php?rest_route=\/wp\/v2\/posts\/615\/revisions"}],"predecessor-version":[{"id":624,"href":"https:\/\/blog.dgformacion.com\/index.php?rest_route=\/wp\/v2\/posts\/615\/revisions\/624"}],"wp:featuredmedia":[{"embeddable":true,"href":"https:\/\/blog.dgformacion.com\/index.php?rest_route=\/wp\/v2\/media\/616"}],"wp:attachment":[{"href":"https:\/\/blog.dgformacion.com\/index.php?rest_route=%2Fwp%2Fv2%2Fmedia&parent=615"}],"wp:term":[{"taxonomy":"category","embeddable":true,"href":"https:\/\/blog.dgformacion.com\/index.php?rest_route=%2Fwp%2Fv2%2Fcategories&post=615"},{"taxonomy":"post_tag","embeddable":true,"href":"https:\/\/blog.dgformacion.com\/index.php?rest_route=%2Fwp%2Fv2%2Ftags&post=615"}],"curies":[{"name":"wp","href":"https:\/\/api.w.org\/{rel}","templated":true}]}}