{"id":635,"date":"2024-10-11T09:19:16","date_gmt":"2024-10-11T08:19:16","guid":{"rendered":"https:\/\/blog.dgformacion.com\/?p=635"},"modified":"2024-10-11T09:21:10","modified_gmt":"2024-10-11T08:21:10","slug":"acciones-formativas-con-compromiso-de-contratacion-de-trabajadores-desempleados-pr-de-asturias-octubre-2024","status":"publish","type":"post","link":"https:\/\/blog.dgformacion.com\/?p=635","title":{"rendered":"Acciones formativas con compromiso de contrataci\u00f3n de trabajadores desempleados, Pr. de Asturias, octubre 2024"},"content":{"rendered":"\n<p> Nuevas subvenciones p\u00fablicas para 2024 destinadas a financiar la realizaci\u00f3n de acciones formativas con compromiso de contrataci\u00f3n dirigidas a personas trabajadoras desempleadas.<\/p>\n\n\n\n<figure class=\"wp-block-table\"><table><tbody><tr><td><strong>Acciones Subvencionables:<\/strong><\/td><td>Las acciones formativas a impartir estar\u00e1n destinadas a formar personas trabajadoras desempleadas inscritas como demandantes de empleo en el SEPEPA, con inclusi\u00f3n de un compromiso de contrataci\u00f3n laboral y referidas a las especialidades formativas incluidas en el Cat\u00e1logo de Especialidades Formativas previsto en el art\u00edculo 20.3 de la Ley 30\/2015, de 9 de septiembre y regulado por Orden TMS\/283\/2019, de 12 de marzo, que incluyan un compromiso de contrataci\u00f3n laboral: &nbsp; a) L\u00ednea 1: Especialidades formativas no dirigidas a la obtenci\u00f3n de los certificados profesionales. &nbsp; b) L\u00ednea 2: Certificados profesionales completos, de grado C vinculados al Cat\u00e1logo Nacional del Cualificaciones Profesionales vigente hasta el desarrollo reglamentario del Cat\u00e1logo Nacional de Est\u00e1ndares de Competencias Profesionales.<\/td><\/tr><tr><td><strong>Convoca:<\/strong><\/td><td>Principado de Asturias &#8211; Consejer\u00eda de Ciencia, Empresas, Formaci\u00f3n y Empleo<\/td><\/tr><tr><td><strong>Fecha de Solicitud:<\/strong><\/td><td>25\/10\/2024<\/td><\/tr><tr><td><strong>Gestiona:<\/strong><\/td><td>Consejer\u00eda de Ciencia, Empresas, Formaci\u00f3n y Empleo<\/td><\/tr><tr><td><strong>Localizaci\u00f3n de Acciones Subvencionables:<\/strong><\/td><td>Principado de Asturias<\/td><\/tr><tr><td><strong>Objeto:<\/strong><\/td><td>Subvencionar la realizaci\u00f3n de acciones formativas con compromiso de contrataci\u00f3n dirigidas a personas trabajadoras desempleadas, en el \u00e1mbito del Principado de Asturias. Las acciones a subvencionar deben incluir un compromiso de contrataci\u00f3n laboral de al menos el 40% del alumnado finalizado y que dicha contrataci\u00f3n suponga un incremento de la plantilla de trabajadores de la empresa que adquiera el citado compromiso, respecto a su plantilla al inicio de la acci\u00f3n formativa.<\/td><\/tr><tr><td><strong>Categor\u00edas:<\/strong><\/td><td>EmpleoFormaci\u00f3nJuventud<\/td><\/tr><tr><td><strong>Beneficiarios:<\/strong><\/td><td>Aut\u00f3nomosCooperativas y Sociedades Laborales no AgrariasMicroempresas (menos de 10 empleados)Pymes (menos de 250 empleados)Sociedades Civiles<\/td><\/tr><tr><td><strong>Beneficiarios detalle:<\/strong><\/td><td>1. Podr\u00e1n ser beneficiarias de las subvenciones previstas en esta convocatoria las empresas o entidades de formaci\u00f3n que ejecuten acciones formativas destinadas a personas trabajadoras desempleadas, asumiendo un compromiso de contrataci\u00f3n de al menos un 40% de las personas formadas, durante un per\u00edodo m\u00ednimo de seis meses a jornada completa, o nueve meses cuando la jornada sea a tiempo parcial (al menos 50% de la jornada completa), seg\u00fan el tipo de acci\u00f3n formativa recogida en el apartado siguiente y las caracter\u00edsticas descritas a continuaci\u00f3n: &nbsp; a) Destinadas a la ejecuci\u00f3n de acciones formativas l\u00ednea 1: Las empresas, entidades con centros de trabajo en el Principado de Asturias, que asuman para s\u00ed mismas el compromiso de contrataci\u00f3n del alumnado formado; as\u00ed como las agrupaciones contempladas en el art\u00edculo 11.3 de la Ley 38\/2003, de 17 de noviembre, en los t\u00e9rminos establecidos en el punto 2 de la Orden TMS\/368\/2019, de 28 de marzo. &nbsp; b) Destinadas a la ejecuci\u00f3n de acciones formativas l\u00ednea 2: Las entidades de formaci\u00f3n que se encuentren acreditadas en el momento de la solicitud, en los t\u00e9rminos del art\u00edculo 15 de la Ley 30\/2015, en el correspondiente registro del Principado de Asturias, para las especialidades formativas, objeto de la subvenci\u00f3n. En este caso, las entidades de formaci\u00f3n beneficiarias podr\u00e1n asumir el compromiso de contrataci\u00f3n directamente o mediante acuerdos o convenios con empresas con centros de trabajo en el Principado de Asturias, que ser\u00e1n las que efect\u00faen la contrataci\u00f3n del alumnado formado, siendo la entidad de formaci\u00f3n beneficiaria qui\u00e9n asumir\u00e1 la responsabilidad de la ejecuci\u00f3n de la actividad formativa subvencionada y del cumplimiento del compromiso de contrataci\u00f3n.<\/td><\/tr><tr><td><strong>Localizaci\u00f3n del Beneficiario:<\/strong><\/td><td>Principado de Asturias<\/td><\/tr><\/tbody><\/table><\/figure>\n\n\n\n<p>Para m\u00e1s informaci\u00f3n acerca de la convocatoria, visital el siguiente enlace:<\/p>\n\n\n\n<div class=\"wp-block-buttons is-content-justification-center is-layout-flex wp-container-core-buttons-layout-1 wp-block-buttons-is-layout-flex\">\n<div class=\"wp-block-button\"><a class=\"wp-block-button__link has-white-color has-text-color has-background has-link-color wp-element-button\" href=\"https:\/\/sede.asturias.es\/ast\/-\/dboid-6269000034464049607573\" style=\"background-color:#8bae35\" target=\"_blank\" rel=\"noreferrer noopener\">Ver convocatoria<\/a><\/div>\n<\/div>\n\n\n\n<p><\/p>\n\n\n\n<p class=\"has-text-align-center\" style=\"font-size:24px\">Echa un vistazo a nuestro cat\u00e1logo completo&nbsp;<a href=\"https:\/\/dgformacion.com\/categoria-curso\/contenido-en-formato-digital\/certificados-de-profesionalidad\/\" target=\"_blank\" rel=\"noreferrer noopener\">pinchando aqu\u00ed<\/a>.<\/p>\n\n\n\n<p class=\"has-text-align-center\">Contacta con nosotros a trav\u00e9s del 914 32 02 02, o info@dgformacion.com.<\/p>\n","protected":false},"excerpt":{"rendered":"<p>Nuevas subvenciones p\u00fablicas para 2024 destinadas a financiar la realizaci\u00f3n de acciones formativas con compromiso de contrataci\u00f3n dirigidas a personas trabajadoras desempleadas. Acciones Subvencionables:Las acciones formativas a impartir estar\u00e1n destinadas a formar personas trabajadoras desempleadas inscritas como demandantes de empleo en el SEPEPA, con inclusi\u00f3n de un compromiso de contrataci\u00f3n laboral y referidas a las &hellip;<\/p>\n","protected":false},"author":2,"featured_media":636,"comment_status":"closed","ping_status":"open","sticky":false,"template":"","format":"standard","meta":{"footnotes":"","_jetpack_memberships_contains_paid_content":false},"categories":[4],"tags":[91,104,31,64,78,90,19,89,66,85,67,103],"jetpack_sharing_enabled":true,"jetpack_featured_media_url":"https:\/\/blog.dgformacion.com\/wp-content\/uploads\/2024\/10\/desemp_compromiso_asturias24.png","_links":{"self":[{"href":"https:\/\/blog.dgformacion.com\/index.php?rest_route=\/wp\/v2\/posts\/635"}],"collection":[{"href":"https:\/\/blog.dgformacion.com\/index.php?rest_route=\/wp\/v2\/posts"}],"about":[{"href":"https:\/\/blog.dgformacion.com\/index.php?rest_route=\/wp\/v2\/types\/post"}],"author":[{"embeddable":true,"href":"https:\/\/blog.dgformacion.com\/index.php?rest_route=\/wp\/v2\/users\/2"}],"replies":[{"embeddable":true,"href":"https:\/\/blog.dgformacion.com\/index.php?rest_route=%2Fwp%2Fv2%2Fcomments&post=635"}],"version-history":[{"count":3,"href":"https:\/\/blog.dgformacion.com\/index.php?rest_route=\/wp\/v2\/posts\/635\/revisions"}],"predecessor-version":[{"id":639,"href":"https:\/\/blog.dgformacion.com\/index.php?rest_route=\/wp\/v2\/posts\/635\/revisions\/639"}],"wp:featuredmedia":[{"embeddable":true,"href":"https:\/\/blog.dgformacion.com\/index.php?rest_route=\/wp\/v2\/media\/636"}],"wp:attachment":[{"href":"https:\/\/blog.dgformacion.com\/index.php?rest_route=%2Fwp%2Fv2%2Fmedia&parent=635"}],"wp:term":[{"taxonomy":"category","embeddable":true,"href":"https:\/\/blog.dgformacion.com\/index.php?rest_route=%2Fwp%2Fv2%2Fcategories&post=635"},{"taxonomy":"post_tag","embeddable":true,"href":"https:\/\/blog.dgformacion.com\/index.php?rest_route=%2Fwp%2Fv2%2Ftags&post=635"}],"curies":[{"name":"wp","href":"https:\/\/api.w.org\/{rel}","templated":true}]}}