{"id":640,"date":"2024-10-16T10:36:48","date_gmt":"2024-10-16T09:36:48","guid":{"rendered":"https:\/\/blog.dgformacion.com\/?p=640"},"modified":"2024-10-16T10:36:48","modified_gmt":"2024-10-16T09:36:48","slug":"subvenciones-para-demandantes-de-empleo-ocupados-del-gobierno-cantabro-octubre-2024","status":"publish","type":"post","link":"https:\/\/blog.dgformacion.com\/?p=640","title":{"rendered":"Subvenciones para demandantes de empleo ocupados, del Gobierno c\u00e1ntabro, octubre 2024"},"content":{"rendered":"\n<p>Se ha publicado en el Bolet\u00edn Oficial de Cantabria por la con\u00advocatoria de subvenciones destinadas al desarrollo de programas de formaci\u00f3n para personas demandantes de servicios de empleo ocupadas,  dentro de la iniciativa de oferta formativa del Servicio C\u00e1ntabro de Empleo.<\/p>\n\n\n\n<figure class=\"wp-block-table\"><table><tbody><tr><td><strong>Acciones Subvencionables:<\/strong><\/td><td>Ser\u00e1n objeto de subvenci\u00f3n por esta orden, los programas de formaci\u00f3n dirigidos a personas trabajadoras ocupadas, que incluir\u00e1n acciones formativas contenidas en el Cat\u00e1logo de Especialidades Formativas previsto en el art\u00edculo 20.3 de la Ley 30\/2015, de 9 de septiembre, por la que se regula el Sistema de Formaci\u00f3n Profesional para el empleo en el \u00e1mbito laboral, que se correspondan con especialidades formativas no dirigidas a la obtenci\u00f3n de certificados profesionales de uso general, y especialidades formativas espec\u00edficas, no dirigidas a la obtenci\u00f3n de certificados profesionales, referidas a programas de formaci\u00f3n dirigidos a personas trabajadoras ocupadas. Los programas, con la duraci\u00f3n estipulada, de las especialidades formativas de las acciones a impartir, estar\u00e1n disponibles en la p\u00e1gina web del Servicio P\u00fablico de Empleo Estatal y de la Fundaci\u00f3n Estatal para la Formaci\u00f3n en el Empleo.<\/td><\/tr><tr><td><strong>Convoca:<\/strong><\/td><td>Gobierno de Cantabria &#8211; Consejer\u00eda de Industria, Empleo, Innovaci\u00f3n, y Comercio<\/td><\/tr><tr><td><strong>Fecha de Solicitud:<\/strong><\/td><td>25\/10\/2024<\/td><\/tr><tr><td><strong>Gestiona:<\/strong><\/td><td>Consejer\u00eda de Industria, Empleo, Innovaci\u00f3n, y Comercio<\/td><\/tr><tr><td><strong>Localizaci\u00f3n de Acciones Subvencionables:<\/strong><\/td><td>Cantabria<\/td><\/tr><tr><td><strong>Objeto:<\/strong><\/td><td>Subvenciones destinadas al desarrollo de programas de formaci\u00f3n transversales y sectoriales, dentro de la iniciativa de oferta formativa del Servicio C\u00e1ntabro de Empleo para personas demandantes de servicios de empleo ocupadas.<\/td><\/tr><tr><td><strong>Requisitos:<\/strong><\/td><td>1\u00ba Que est\u00e9n en situaci\u00f3n de alta en el Registro competente de acuerdo a la Orden TMS\/369\/2019, de 28 de marzo, siempre y cuando dispongan de la infraestructura que haga posible la impartici\u00f3n de la formaci\u00f3n en el territorio de la Comunidad Aut\u00f3noma de Cantabria debidamente inscritas para la especialidad formativa objeto de la formaci\u00f3n, a fecha de publicaci\u00f3n del extracto de la convocatoria en el \u00abBolet\u00edn Oficial de Cantabria\u00bb. &nbsp; 2\u00ba Que hayan presentado la correspondiente declaraci\u00f3n responsable, respecto de la infraestructura que haga posible la impartici\u00f3n de la formaci\u00f3n en el territorio de la Comunidad Aut\u00f3noma de Cantabria, para impartir especialidades formativas no dirigidas a la obtenci\u00f3n de certificados profesionales objeto de la formaci\u00f3n, en fecha anterior a la publicaci\u00f3n del extracto de la convocatoria en el \u00abBolet\u00edn Oficial de Cantabria\u00bb, aun cuando no se hubiera procedido en ese momento a inscribir de oficio a la entidad de formaci\u00f3n en el registro. Todo ello, sin perjuicio de la supervisi\u00f3n posterior del cumplimiento de los requisitos establecidos. &nbsp; 3\u00ba Que presenten la declaraci\u00f3n responsable simult\u00e1neamente a la solicitud de subvenci\u00f3n, respecto de la infraestructura que haga posible la impartici\u00f3n de la formaci\u00f3n en el territorio de la Comunidad Aut\u00f3noma de Cantabria, para impartir especialidades formativas no dirigidas a la obtenci\u00f3n de certificados profesionales objeto de la formaci\u00f3n, en el caso de que en el momento de presentar la solicitud de subvenci\u00f3n no hubieran presentado la declaraci\u00f3n responsable sobre la especialidad solicitada. Todo ello, sin perjuicio de la supervisi\u00f3n posterior del cumplimiento de los requisitos establecidos.<\/td><\/tr><tr><td><strong>Categor\u00edas:<\/strong><\/td><td>EmpleoFormaci\u00f3n<\/td><\/tr><tr><td><strong>Beneficiarios:<\/strong><\/td><td>AsociacionesCooperativas y Sociedades Laborales no AgrariasEntidades sin \u00e1nimo de lucroFundacionesMicroempresas (menos de 10 empleados)Organizaciones Empresariales y SindicalesPymes (menos de 250 empleados)Sociedades Civiles<\/td><\/tr><tr><td><strong>Beneficiarios detalle:<\/strong><\/td><td>Podr\u00e1n ser beneficiarias de las subvenciones contempladas en esta orden las entidades de formaci\u00f3n descritas en el apartado 2 del art\u00edculo 3 de la orden de convocatoria.<\/td><\/tr><tr><td><strong>Localizaci\u00f3n del Beneficiario:<\/strong><\/td><td>Cantabria<\/td><\/tr><\/tbody><\/table><\/figure>\n\n\n\n<p>Para m\u00e1s informaci\u00f3n acerca de la convocatoria, visital el siguiente enlace:<\/p>\n\n\n\n<div class=\"wp-block-buttons is-content-justification-center is-layout-flex wp-container-core-buttons-layout-1 wp-block-buttons-is-layout-flex\">\n<div class=\"wp-block-button\"><a class=\"wp-block-button__link has-white-color has-text-color has-background has-link-color wp-element-button\" href=\"https:\/\/boc.cantabria.es\/boces\/verAnuncioAction.do?idAnuBlob=410924\" style=\"background-color:#8bae35\" target=\"_blank\" rel=\"noreferrer noopener\">Ver convocatoria<\/a><\/div>\n<\/div>\n\n\n\n<p><\/p>\n\n\n\n<p class=\"has-text-align-center\" style=\"font-size:24px\">Echa un vistazo a nuestro cat\u00e1logo completo&nbsp;<a href=\"https:\/\/dgformacion.com\/categoria-curso\/contenido-en-formato-digital\/certificados-de-profesionalidad\/\" target=\"_blank\" rel=\"noreferrer noopener\">pinchando aqu\u00ed<\/a>.<\/p>\n\n\n\n<p class=\"has-text-align-center\">Contacta con nosotros a trav\u00e9s del 914 32 02 02, o info@dgformacion.com.<\/p>\n","protected":false},"excerpt":{"rendered":"<p>Se ha publicado en el Bolet\u00edn Oficial de Cantabria por la con\u00advocatoria de subvenciones destinadas al desarrollo de programas de formaci\u00f3n para personas demandantes de servicios de empleo ocupadas, dentro de la iniciativa de oferta formativa del Servicio C\u00e1ntabro de Empleo. Acciones Subvencionables:Ser\u00e1n objeto de subvenci\u00f3n por esta orden, los programas de formaci\u00f3n dirigidos a &hellip;<\/p>\n","protected":false},"author":2,"featured_media":641,"comment_status":"closed","ping_status":"open","sticky":false,"template":"","format":"standard","meta":{"footnotes":"","_jetpack_memberships_contains_paid_content":false},"categories":[4],"tags":[102,91,31,64,78,90,19,89,93,66,85,67],"jetpack_sharing_enabled":true,"jetpack_featured_media_url":"https:\/\/blog.dgformacion.com\/wp-content\/uploads\/2024\/10\/demandEmpleOcup_cantabria_24.png","_links":{"self":[{"href":"https:\/\/blog.dgformacion.com\/index.php?rest_route=\/wp\/v2\/posts\/640"}],"collection":[{"href":"https:\/\/blog.dgformacion.com\/index.php?rest_route=\/wp\/v2\/posts"}],"about":[{"href":"https:\/\/blog.dgformacion.com\/index.php?rest_route=\/wp\/v2\/types\/post"}],"author":[{"embeddable":true,"href":"https:\/\/blog.dgformacion.com\/index.php?rest_route=\/wp\/v2\/users\/2"}],"replies":[{"embeddable":true,"href":"https:\/\/blog.dgformacion.com\/index.php?rest_route=%2Fwp%2Fv2%2Fcomments&post=640"}],"version-history":[{"count":1,"href":"https:\/\/blog.dgformacion.com\/index.php?rest_route=\/wp\/v2\/posts\/640\/revisions"}],"predecessor-version":[{"id":642,"href":"https:\/\/blog.dgformacion.com\/index.php?rest_route=\/wp\/v2\/posts\/640\/revisions\/642"}],"wp:featuredmedia":[{"embeddable":true,"href":"https:\/\/blog.dgformacion.com\/index.php?rest_route=\/wp\/v2\/media\/641"}],"wp:attachment":[{"href":"https:\/\/blog.dgformacion.com\/index.php?rest_route=%2Fwp%2Fv2%2Fmedia&parent=640"}],"wp:term":[{"taxonomy":"category","embeddable":true,"href":"https:\/\/blog.dgformacion.com\/index.php?rest_route=%2Fwp%2Fv2%2Fcategories&post=640"},{"taxonomy":"post_tag","embeddable":true,"href":"https:\/\/blog.dgformacion.com\/index.php?rest_route=%2Fwp%2Fv2%2Ftags&post=640"}],"curies":[{"name":"wp","href":"https:\/\/api.w.org\/{rel}","templated":true}]}}