{"id":664,"date":"2024-11-21T14:32:13","date_gmt":"2024-11-21T13:32:13","guid":{"rendered":"https:\/\/blog.dgformacion.com\/?p=664"},"modified":"2024-11-21T14:32:14","modified_gmt":"2024-11-21T13:32:14","slug":"subvenciones-de-especialidades-formativas-para-la-convocatoria-ocupados-de-canarias-2024","status":"publish","type":"post","link":"https:\/\/blog.dgformacion.com\/?p=664","title":{"rendered":"Subvenciones de especialidades formativas para la Convocatoria Ocupados de Canarias, 2024"},"content":{"rendered":"\n<p>Se aprueba la convocatoria, para el ejercicio presupuestario 2024, de concesi\u00f3n de subvenciones p\u00fablicas para la ejecuci\u00f3n de planes de formaci\u00f3n dirigidos prioritariamente a personas trabajadoras ocupadas de Canarias..<\/p>\n\n\n\n<figure class=\"wp-block-table\"><table><tbody><tr><td><strong>T\u00cdTULO<\/strong><\/td><td>Subvenciones de especialidades formativas para la Convocatoria Ocupados de Canarias, 2024.<\/td><\/tr><tr><td><strong>Convoca:<\/strong><\/td><td>Servicio Canario de empleo<\/td><\/tr><tr><td><strong>Fecha de Solicitud:<\/strong><\/td><td>31\/11\/2024<\/td><\/tr><tr><td><strong>Gestiona:<\/strong><\/td><td>Consejer\u00eda de Turismo y Empleo<\/td><\/tr><tr><td><strong>Localizaci\u00f3n de Acciones Subvencionables:<\/strong><\/td><td>Comunidad Aut\u00f3noma de Canarias<\/td><\/tr><tr><td><strong>Objeto:<\/strong><\/td><td>Regular el procedimiento para la concesi\u00f3n de subvenciones p\u00fablicas destinadas a la financiaci\u00f3n de planes de formaci\u00f3n dirigidos prioritariamente a personas ocupadas, de acuerdo con lo establecido en la Ley 30\/2015, de 9 de septiembre, por la que se regula el Sistema de Formaci\u00f3n Profesional para el empleo, en el \u00e1mbito laboral.<\/td><\/tr><tr><td><strong>Requisitos:<\/strong><\/td><td>Podr\u00e1n solicitar las subvenciones reguladas en esta convocatoria los centros y entidades de formaci\u00f3n acreditados y\/o inscritos en el correspondiente Registro de la Comunidad Aut\u00f3noma de Canarias para las acciones formativas solicitadas, y que est\u00e9n dentro de la oferta formativa de la presente convocatoria.<\/td><\/tr><tr><td><strong>Categor\u00edas:<\/strong><\/td><td>Empleo, Formaci\u00f3n, Corporaciones Locales<\/td><\/tr><tr><td><strong>Beneficiarios:<\/strong><\/td><td>Entidades de formaci\u00f3n p\u00fablicas o privadas, inscritas en el correspondiente Registro de Entidades de Formaci\u00f3n, que impartan las especialidades formativas solicitadas.<\/td><\/tr><tr><td><strong>Beneficiarios detalle:<\/strong><\/td><td>Aplicable a corporaciones locales<\/td><\/tr><tr><td><strong>Localizaci\u00f3n del Beneficiario:<\/strong><\/td><td>C. A. de Canarias<\/td><\/tr><\/tbody><\/table><\/figure>\n\n\n\n<p>Para m\u00e1s informaci\u00f3n acerca de la convocatoria, visital el siguiente enlace:<\/p>\n\n\n\n<div class=\"wp-block-buttons is-content-justification-center is-layout-flex wp-container-core-buttons-layout-1 wp-block-buttons-is-layout-flex\">\n<div class=\"wp-block-button\"><a class=\"wp-block-button__link has-white-color has-text-color has-background has-link-color wp-element-button\" href=\"https:\/\/dgformacion.us18.list-manage.com\/track\/click?u=6120a2c888426876f2fc21ff1&amp;id=48d1f01bf5&amp;e=e9e20dbf0d\" style=\"background-color:#8bae35\" target=\"_blank\" rel=\"noreferrer noopener\">Ver convocatoria<\/a><\/div>\n<\/div>\n\n\n\n<p><\/p>\n\n\n\n<p class=\"has-text-align-center\" style=\"font-size:24px\">Echa un vistazo a nuestro cat\u00e1logo completo&nbsp;<a href=\"https:\/\/dgformacion.com\/categoria-curso\/contenido-en-formato-digital\/certificados-de-profesionalidad\/\" target=\"_blank\" rel=\"noreferrer noopener\">pinchando aqu\u00ed<\/a>.<\/p>\n\n\n\n<p class=\"has-text-align-center\">Contacta con nosotros a trav\u00e9s del 914 32 02 02, o info@dgformacion.com.<\/p>\n","protected":false},"excerpt":{"rendered":"<p>Se aprueba la convocatoria, para el ejercicio presupuestario 2024, de concesi\u00f3n de subvenciones p\u00fablicas para la ejecuci\u00f3n de planes de formaci\u00f3n dirigidos prioritariamente a personas trabajadoras ocupadas de Canarias.. T\u00cdTULOSubvenciones de especialidades formativas para la Convocatoria Ocupados de Canarias, 2024.Convoca:Servicio Canario de empleoFecha de Solicitud:31\/11\/2024Gestiona:Consejer\u00eda de Turismo y EmpleoLocalizaci\u00f3n de Acciones Subvencionables:Comunidad Aut\u00f3noma de CanariasObjeto:Regular &hellip;<\/p>\n","protected":false},"author":2,"featured_media":665,"comment_status":"closed","ping_status":"open","sticky":false,"template":"","format":"standard","meta":{"footnotes":"","_jetpack_memberships_contains_paid_content":false},"categories":[4],"tags":[82,91,31,64,78,90,19,89,93,66,67],"jetpack_sharing_enabled":true,"jetpack_featured_media_url":"https:\/\/blog.dgformacion.com\/wp-content\/uploads\/2024\/11\/espFormOcupCanarias_ConvocPortada.png","_links":{"self":[{"href":"https:\/\/blog.dgformacion.com\/index.php?rest_route=\/wp\/v2\/posts\/664"}],"collection":[{"href":"https:\/\/blog.dgformacion.com\/index.php?rest_route=\/wp\/v2\/posts"}],"about":[{"href":"https:\/\/blog.dgformacion.com\/index.php?rest_route=\/wp\/v2\/types\/post"}],"author":[{"embeddable":true,"href":"https:\/\/blog.dgformacion.com\/index.php?rest_route=\/wp\/v2\/users\/2"}],"replies":[{"embeddable":true,"href":"https:\/\/blog.dgformacion.com\/index.php?rest_route=%2Fwp%2Fv2%2Fcomments&post=664"}],"version-history":[{"count":1,"href":"https:\/\/blog.dgformacion.com\/index.php?rest_route=\/wp\/v2\/posts\/664\/revisions"}],"predecessor-version":[{"id":666,"href":"https:\/\/blog.dgformacion.com\/index.php?rest_route=\/wp\/v2\/posts\/664\/revisions\/666"}],"wp:featuredmedia":[{"embeddable":true,"href":"https:\/\/blog.dgformacion.com\/index.php?rest_route=\/wp\/v2\/media\/665"}],"wp:attachment":[{"href":"https:\/\/blog.dgformacion.com\/index.php?rest_route=%2Fwp%2Fv2%2Fmedia&parent=664"}],"wp:term":[{"taxonomy":"category","embeddable":true,"href":"https:\/\/blog.dgformacion.com\/index.php?rest_route=%2Fwp%2Fv2%2Fcategories&post=664"},{"taxonomy":"post_tag","embeddable":true,"href":"https:\/\/blog.dgformacion.com\/index.php?rest_route=%2Fwp%2Fv2%2Ftags&post=664"}],"curies":[{"name":"wp","href":"https:\/\/api.w.org\/{rel}","templated":true}]}}