{"id":667,"date":"2024-11-21T14:42:45","date_gmt":"2024-11-21T13:42:45","guid":{"rendered":"https:\/\/blog.dgformacion.com\/?p=667"},"modified":"2024-11-21T14:42:46","modified_gmt":"2024-11-21T13:42:46","slug":"subvenciones-de-especialidades-formativas-para-la-convocatoria-ocupados-de-canarias-2024-2","status":"publish","type":"post","link":"https:\/\/blog.dgformacion.com\/?p=667","title":{"rendered":"Subvenciones de especialidades formativas para la Convocatoria Ocupados de Canarias, 2024"},"content":{"rendered":"\n<p>Convocatoria para el a\u00f1o 2024 de subvenciones para el desarrollo del Plan WAVE Desemepleados, destinado a la actualizaci\u00f3n de las competencias laborales y mejora de la empleabilidad de las personas trabajadoras prioritariamente desempleadas de Arag\u00f3n.<\/p>\n\n\n\n<figure class=\"wp-block-table\"><table><tbody><tr><td><strong>Convoca:<\/strong><\/td><td>Gobierno de Arag\u00f3n &#8211; Departamento de Empleo, Ciencia y Universidades<\/td><\/tr><tr><td><strong>Fecha de Solicitud:<\/strong><\/td><td>14\/11\/2024<\/td><\/tr><tr><td><strong>Gestiona:<\/strong><\/td><td>Departamento de Empleo, Ciencia y Universidades<\/td><\/tr><tr><td><strong>Localizaci\u00f3n de Acciones Subvencionables:<\/strong><\/td><td>Arag\u00f3n<\/td><\/tr><tr><td><strong>Objeto:<\/strong><\/td><td>La presente Orden tiene como objeto la aprobaci\u00f3n, para el a\u00f1o 2024, de una convocatoria de subvenciones para el desarrollo de un Plan destinado a la actualizaci\u00f3n de las competencias laborales y mejora de la empleabilidad de las personas trabajadoras prioritariamente desempleadas de Arag\u00f3n, a trav\u00e9s de acciones de Formaci\u00f3n Profesional para el Empleo. Las acciones formativas objeto de financiaci\u00f3n en esta convocatoria, tendr\u00e1n como finalidad ofrecer a personas trabajadoras, prioritariamente desempleadas, una formaci\u00f3n ajustada a las necesidades formativas individuales y del sistema productivo, que les permita adquirir las competencias requeridas en el mercado de trabajo y mejorar su empleabilidad, dando respuesta a sus necesidades de cualificaci\u00f3n mediante acciones formativas del Cat\u00e1logo del Servicio P\u00fablico de Empleo Estatal, (en adelante SEPE) dentro del marco de la formaci\u00f3n profesional para el empleo.<\/td><\/tr><tr><td><strong>Requisitos:<\/strong><\/td><td>a) Encontrarse al corriente de sus obligaciones tributarias y con la Seguridad Social, as\u00ed como no tener deuda alguna pendiente de pago con la Comunidad Aut\u00f3noma de Arag\u00f3n o sea deudor por resoluci\u00f3n de procedimiento de reintegro de una subvenci\u00f3n. Para la acreditaci\u00f3n del requisito de hallarse al corriente en el cumplimiento de sus obligaciones tributarias y frente a la Seguridad Social, as\u00ed como de la ausencia de toda deuda pendiente de pago con la Hacienda de la Comunidad Aut\u00f3noma de Arag\u00f3n, se estar\u00e1 a lo dispuesto en el art\u00edculo 23.1 del texto refundido de la Ley de Subvenciones de Arag\u00f3n, aprobado por Decreto Legislativo 2\/2023, de 3 de mayo, del Gobierno de Arag\u00f3n, por lo que, la presentaci\u00f3n de la solicitud para la concesi\u00f3n de subvenciones conllevar\u00e1 la autorizaci\u00f3n al Instituto Aragon\u00e9s de Empleo para recabar los certificados a emitir tanto por la Agencia Estatal de Administraci\u00f3n Tributaria y por la Tesorer\u00eda General de la Seguridad Social, como por los \u00f3rganos de la Administraci\u00f3n Tributaria de la Comunidad Aut\u00f3noma de Arag\u00f3n. La citada autorizaci\u00f3n se entender\u00e1 otorgada en el momento de la solicitud, as\u00ed como en cualquier fase del procedimiento. No obstante lo anterior, conforme establecen los apartados 1 y 2 de la disposici\u00f3n adicional segunda de la Ley 17\/2023, de 22 de diciembre, de Presupuestos de la Comunidad Aut\u00f3noma de Arag\u00f3n para el ejercicio 2024, podr\u00e1n obtener la condici\u00f3n de beneficiarias las personas o entidades que tengan deudas pendientes de pago con la Hacienda de la Comunidad Aut\u00f3noma de Arag\u00f3n siempre que la deuda sea menor a la subvenci\u00f3n que se pueda conceder. En este caso, la deuda ser\u00e1 compensada en la liquidaci\u00f3n correspondiente si a la fecha de la misma todav\u00eda persistiera. &nbsp; b) No haber sido sancionada mediante resoluci\u00f3n administrativa firme, ni por sentencia judicial firme por acciones consideradas discriminatorias por raz\u00f3n de g\u00e9nero, de acuerdo con el art\u00edculo 26.3 de la Ley 7\/2018, de 28 de junio, de igualdad de oportunidades entre mujeres y hombres en Arag\u00f3n. &nbsp; c) No haber sido sancionada mediante resoluci\u00f3n administrativa firme por atentar, alentar o tolerar pr\u00e1cticas en contra de los derechos de las personas LGTBI, conforme a lo establecido en la Ley 18\/2018, de 20 de diciembre, de igualdad y protecci\u00f3n integral contra la discriminaci\u00f3n por raz\u00f3n de orientaci\u00f3n sexual, expresi\u00f3n e identidad de g\u00e9nero en la Comunidad Aut\u00f3noma de Arag\u00f3n. &nbsp; d) No haber sido sancionadas mediante resoluci\u00f3n administrativa firme con las sanciones accesorias de exclusi\u00f3n del acceso de ayudas y beneficios derivados de la aplicaci\u00f3n de los programas de empleo previstas en los art\u00edculos 46 y 46.bis del texto refundido de la Ley sobre Infracciones y Sanciones en el Orden Social, aprobado por Real Decreto Legislativo 5\/2000, de 4 de agosto. &nbsp; e) No haber obtenido aval alguno del Gobierno de Arag\u00f3n para cualquier operaci\u00f3n, ni a\u00fan para fines distintos de la subvenci\u00f3n solicitada, al objeto de dar cumplimiento a lo previsto en el apartado 5 de la disposici\u00f3n adicional segunda de la Ley 17\/2023, de 22 de diciembre, de Presupuestos de la Comunidad Aut\u00f3noma de Arag\u00f3n para el ejercicio 2024. &nbsp; f) Acreditar el efectivo cumplimiento de los requisitos y la realizaci\u00f3n de la actividad en todas las subvenciones que le hayan sido concedidas al beneficiario con anterioridad para un mismo fin y finalidad que el que se establece en la presente convocatoria en ejercicios anteriores. &nbsp; g) Cumplir con los requisitos establecidos en el art\u00edculo 13 de la Ley 38\/2003, de 17 de noviembre, General de Subvenciones, y en el art\u00edculo 9 del texto refundido de la Ley de Subvenciones de Arag\u00f3n, aprobado por Decreto Legislativo 2\/2023, de 3 mayo del Gobierno de Arag\u00f3n.<\/td><\/tr><tr><td><strong>Categor\u00edas:<\/strong><\/td><td>Empleo Formaci\u00f3n Minusv\u00e1lidos \/ Discapacitados Mujeres, Infancia y Ayudas familiares Recursos Humanos<\/td><\/tr><tr><td><strong>Beneficiarios:<\/strong><\/td><td>Cooperativas y Sociedades Laborales no Agrarias Empresas (m\u00e1s de 250 empleados) Microempresas (menos de 10 empleados) Organismos \/ Entidades P\u00fablicas Pymes (menos de 250 empleados) Sociedades Civiles Universidades P\u00fablicas y Privadas \/ Centros de Ense\u00f1anza<\/td><\/tr><tr><td><strong>Beneficiarios detalle:<\/strong><\/td><td>Ser\u00e1n beneficiarios de las subvenciones las entidades de formaci\u00f3n p\u00fablicas o privadas, acreditadas y\/o inscritas en el correspondiente Registro de Entidades de Formaci\u00f3n, para las especialidades formativas objeto de la formaci\u00f3n, ya sea en la modalidad presencial, de teleformaci\u00f3n o mixta, y con presencia en el \u00e1mbito territorial al que vaya dirigida la convocatoria, debiendo disponer en dicho \u00e1mbito de instalaciones debidamente inscritas y\/o acreditadas que permitan la impartici\u00f3n de las especialidades formativas solicitadas. De acuerdo con lo establecido en el art\u00edculo 15.3 de la Ley 30\/2015, de 9 de septiembre, las instalaciones y recursos podr\u00e1n ser propios o bien de titularidad de terceras entidades privadas o p\u00fablicas cuando ello no implique subcontratar la ejecuci\u00f3n de la actividad formativa, debiendo aportar en este caso el correspondiente acuerdo o contrato de disponibilidad.<\/td><\/tr><tr><td><strong>Localizaci\u00f3n del Beneficiario:<\/strong><\/td><td>Arag\u00f3n<\/td><\/tr><\/tbody><\/table><\/figure>\n\n\n\n<p><\/p>\n\n\n\n<p class=\"has-text-align-center\" style=\"font-size:24px\">Echa un vistazo a nuestro cat\u00e1logo completo&nbsp;<a href=\"https:\/\/dgformacion.com\/categoria-curso\/contenido-en-formato-digital\/certificados-de-profesionalidad\/\" target=\"_blank\" rel=\"noreferrer noopener\">pinchando aqu\u00ed<\/a>.<\/p>\n\n\n\n<p class=\"has-text-align-center\">Contacta con nosotros a trav\u00e9s del 914 32 02 02, o info@dgformacion.com.<\/p>\n","protected":false},"excerpt":{"rendered":"<p>Convocatoria para el a\u00f1o 2024 de subvenciones para el desarrollo del Plan WAVE Desemepleados, destinado a la actualizaci\u00f3n de las competencias laborales y mejora de la empleabilidad de las personas trabajadoras prioritariamente desempleadas de Arag\u00f3n. Convoca:Gobierno de Arag\u00f3n &#8211; Departamento de Empleo, Ciencia y UniversidadesFecha de Solicitud:14\/11\/2024Gestiona:Departamento de Empleo, Ciencia y UniversidadesLocalizaci\u00f3n de Acciones Subvencionables:Arag\u00f3nObjeto:La &hellip;<\/p>\n","protected":false},"author":2,"featured_media":668,"comment_status":"closed","ping_status":"open","sticky":false,"template":"","format":"standard","meta":{"footnotes":"","_jetpack_memberships_contains_paid_content":false},"categories":[4],"tags":[108,109,91,31,64,78,90,19,89,93,66,67],"jetpack_sharing_enabled":true,"jetpack_featured_media_url":"https:\/\/blog.dgformacion.com\/wp-content\/uploads\/2024\/11\/planWaveAragon_ConvocPortada.png","_links":{"self":[{"href":"https:\/\/blog.dgformacion.com\/index.php?rest_route=\/wp\/v2\/posts\/667"}],"collection":[{"href":"https:\/\/blog.dgformacion.com\/index.php?rest_route=\/wp\/v2\/posts"}],"about":[{"href":"https:\/\/blog.dgformacion.com\/index.php?rest_route=\/wp\/v2\/types\/post"}],"author":[{"embeddable":true,"href":"https:\/\/blog.dgformacion.com\/index.php?rest_route=\/wp\/v2\/users\/2"}],"replies":[{"embeddable":true,"href":"https:\/\/blog.dgformacion.com\/index.php?rest_route=%2Fwp%2Fv2%2Fcomments&post=667"}],"version-history":[{"count":1,"href":"https:\/\/blog.dgformacion.com\/index.php?rest_route=\/wp\/v2\/posts\/667\/revisions"}],"predecessor-version":[{"id":669,"href":"https:\/\/blog.dgformacion.com\/index.php?rest_route=\/wp\/v2\/posts\/667\/revisions\/669"}],"wp:featuredmedia":[{"embeddable":true,"href":"https:\/\/blog.dgformacion.com\/index.php?rest_route=\/wp\/v2\/media\/668"}],"wp:attachment":[{"href":"https:\/\/blog.dgformacion.com\/index.php?rest_route=%2Fwp%2Fv2%2Fmedia&parent=667"}],"wp:term":[{"taxonomy":"category","embeddable":true,"href":"https:\/\/blog.dgformacion.com\/index.php?rest_route=%2Fwp%2Fv2%2Fcategories&post=667"},{"taxonomy":"post_tag","embeddable":true,"href":"https:\/\/blog.dgformacion.com\/index.php?rest_route=%2Fwp%2Fv2%2Ftags&post=667"}],"curies":[{"name":"wp","href":"https:\/\/api.w.org\/{rel}","templated":true}]}}