{"id":670,"date":"2024-11-26T15:29:48","date_gmt":"2024-11-26T14:29:48","guid":{"rendered":"https:\/\/blog.dgformacion.com\/?p=670"},"modified":"2024-11-26T15:29:49","modified_gmt":"2024-11-26T14:29:49","slug":"marco-estrategico-de-la-formacion-en-el-trabajo-de-cecapcyl-15-de-noviembre-2024","status":"publish","type":"post","link":"https:\/\/blog.dgformacion.com\/?p=670","title":{"rendered":"Marco Estrat\u00e9gico de la Formaci\u00f3n en el Trabajo, de CECAPCYL &#8211; 15 de noviembre, 2024"},"content":{"rendered":"\n<p>El pasado 15 de noviembre estubimos en Valladolid, compartiendo con el sector el Marco estrat\u00e9gico de la Formaci\u00f3n en el Trabajo, con todos los retos que tenemos en relaci\u00f3n a la nueva regulaci\u00f3n prevista.<br><br>Muy interesante e inspirador!<br><br>Gracias por la excelente organizaci\u00f3n CECAPCYL,<a href=\"https:\/\/www.linkedin.com\/in\/ACoAABqvYkEB7oO-Fh-dK-mLWRenLVtqHSOUQ3Q\"><\/a><a href=\"https:\/\/www.linkedin.com\/in\/alvaro-baruque-681b26105\/\">Alvaro Baruque<\/a> <a href=\"https:\/\/www.linkedin.com\/in\/ACoAAAfSnlsBOnnDEnbBjoEwCCyhEnJx0WtMwaM\"><\/a><a href=\"https:\/\/www.linkedin.com\/in\/renata-l%C3%B3pez-1b7b5337\/\">Renata L\u00f3pez<\/a> y a todos los ponentes y asistentes, un placer ponernos cara compartiendo espacio.<br><br>Desde <a href=\"https:\/\/www.linkedin.com\/company\/dgformacion\/\">DGFormaci\u00f3n<\/a> mantenemos nuestro compromiso, que naci\u00f3 hace m\u00e1s de 11 a\u00f1os y contin\u00faa m\u00e1s vivo que nunca para compartir nuestra contribuci\u00f3n a este futuro marco regulatorio. Estamos preparados para afrontar la transici\u00f3n y los cambios normativos con toda nuestra experiencia acumulada, que a su vez es la de nuestros clientes, colaboradores y creadores de contenido. Gracias por vuestra confianza!<br><br>Colaboraremos en los fines, retos y oportunidades, aportando nuestro profundo conocimiento tanto en la prospecci\u00f3n y detecci\u00f3n de necesidades de competencias profesionales transversales y sectoriales, como en el resto de fases de definici\u00f3n de acciones formativas, de su planificaci\u00f3n y financiaci\u00f3n, tambi\u00e9n en la programaci\u00f3n, ejecuci\u00f3n, control y seguimiento de la formaci\u00f3n, sistema de informaci\u00f3n, evaluaci\u00f3n, calidad y gobernanza del sistema. Y todo ello con el m\u00e1ximo rigor que nos caracteriza. <a href=\"https:\/\/www.linkedin.com\/in\/ACoAAAPMiVMBecXE2HQvk-0xlTiTcEyz3kIs1xc\"><\/a><a href=\"https:\/\/www.linkedin.com\/in\/gema-granizo-garc%C3%ADa-41741819\/\">Gema Granizo Garc\u00eda<\/a>, <a href=\"https:\/\/www.linkedin.com\/in\/ACoAAAPK2DcBhyBGYtwUVuxvdefZ-aB76f25u8g\"><\/a><a href=\"https:\/\/www.linkedin.com\/in\/carmela-de-la-torre-rebolledo-21b38419\/\">Carmela De La Torre Rebolledo<\/a> <a href=\"https:\/\/www.linkedin.com\/in\/ACoAAAk6wQEBf9uhnG_G2bHgz2PuNBBM8Rf5_0g\"><\/a><a href=\"https:\/\/www.linkedin.com\/in\/teresa-dgf-769a3543\/\">Teresa DGF<\/a> a seguir sumando!<\/p>\n\n\n\n<div class=\"wp-block-jetpack-slideshow aligncenter\" data-effect=\"slide\"><div class=\"wp-block-jetpack-slideshow_container swiper-container\"><ul class=\"wp-block-jetpack-slideshow_swiper-wrapper swiper-wrapper\"><li class=\"wp-block-jetpack-slideshow_slide swiper-slide\"><figure><img loading=\"lazy\" decoding=\"async\" width=\"1024\" height=\"686\" alt=\"\" class=\"wp-block-jetpack-slideshow_image wp-image-671\" data-id=\"671\" src=\"https:\/\/blog.dgformacion.com\/wp-content\/uploads\/2024\/11\/aaa-1024x686.jpeg\" srcset=\"https:\/\/blog.dgformacion.com\/wp-content\/uploads\/2024\/11\/aaa-1024x686.jpeg 1024w, https:\/\/blog.dgformacion.com\/wp-content\/uploads\/2024\/11\/aaa-300x201.jpeg 300w, https:\/\/blog.dgformacion.com\/wp-content\/uploads\/2024\/11\/aaa-768x514.jpeg 768w, https:\/\/blog.dgformacion.com\/wp-content\/uploads\/2024\/11\/aaa.jpeg 1280w\" sizes=\"(max-width: 1024px) 100vw, 1024px\" \/><\/figure><\/li><li class=\"wp-block-jetpack-slideshow_slide swiper-slide\"><figure><img loading=\"lazy\" decoding=\"async\" width=\"2048\" height=\"1152\" alt=\"\" class=\"wp-block-jetpack-slideshow_image wp-image-672\" data-id=\"672\" src=\"https:\/\/blog.dgformacion.com\/wp-content\/uploads\/2024\/11\/1731579897716.jpeg\" srcset=\"https:\/\/blog.dgformacion.com\/wp-content\/uploads\/2024\/11\/1731579897716.jpeg 2048w, https:\/\/blog.dgformacion.com\/wp-content\/uploads\/2024\/11\/1731579897716-300x169.jpeg 300w, https:\/\/blog.dgformacion.com\/wp-content\/uploads\/2024\/11\/1731579897716-1024x576.jpeg 1024w, https:\/\/blog.dgformacion.com\/wp-content\/uploads\/2024\/11\/1731579897716-768x432.jpeg 768w, https:\/\/blog.dgformacion.com\/wp-content\/uploads\/2024\/11\/1731579897716-1536x864.jpeg 1536w, https:\/\/blog.dgformacion.com\/wp-content\/uploads\/2024\/11\/1731579897716-390x220.jpeg 390w\" sizes=\"(max-width: 2048px) 100vw, 2048px\" \/><\/figure><\/li><li class=\"wp-block-jetpack-slideshow_slide swiper-slide\"><figure><img loading=\"lazy\" decoding=\"async\" width=\"2048\" height=\"1152\" alt=\"\" class=\"wp-block-jetpack-slideshow_image wp-image-673\" data-id=\"673\" src=\"https:\/\/blog.dgformacion.com\/wp-content\/uploads\/2024\/11\/1731579897840.jpeg\" srcset=\"https:\/\/blog.dgformacion.com\/wp-content\/uploads\/2024\/11\/1731579897840.jpeg 2048w, https:\/\/blog.dgformacion.com\/wp-content\/uploads\/2024\/11\/1731579897840-300x169.jpeg 300w, https:\/\/blog.dgformacion.com\/wp-content\/uploads\/2024\/11\/1731579897840-1024x576.jpeg 1024w, https:\/\/blog.dgformacion.com\/wp-content\/uploads\/2024\/11\/1731579897840-768x432.jpeg 768w, https:\/\/blog.dgformacion.com\/wp-content\/uploads\/2024\/11\/1731579897840-1536x864.jpeg 1536w, https:\/\/blog.dgformacion.com\/wp-content\/uploads\/2024\/11\/1731579897840-390x220.jpeg 390w\" sizes=\"(max-width: 2048px) 100vw, 2048px\" \/><\/figure><\/li><\/ul><a class=\"wp-block-jetpack-slideshow_button-prev swiper-button-prev swiper-button-white\" role=\"button\"><\/a><a class=\"wp-block-jetpack-slideshow_button-next swiper-button-next swiper-button-white\" role=\"button\"><\/a><a aria-label=\"Pause Slideshow\" class=\"wp-block-jetpack-slideshow_button-pause\" role=\"button\"><\/a><div class=\"wp-block-jetpack-slideshow_pagination swiper-pagination swiper-pagination-white\"><\/div><\/div><\/div>\n\n\n\n<p class=\"has-text-align-center\" style=\"font-size:24px\">Echa un vistazo a nuestro cat\u00e1logo completo&nbsp;<a href=\"https:\/\/dgformacion.com\/categoria-curso\/contenido-en-formato-digital\/certificados-de-profesionalidad\/\" target=\"_blank\" rel=\"noreferrer noopener\">pinchando aqu\u00ed<\/a>.<\/p>\n\n\n\n<p class=\"has-text-align-center\" style=\"font-size:16px\">Contacta con nosotros a trav\u00e9s del 914 32 02 02, o info@dgformacion.com.<\/p>\n","protected":false},"excerpt":{"rendered":"<p>El pasado 15 de noviembre estubimos en Valladolid, compartiendo con el sector el Marco estrat\u00e9gico de la Formaci\u00f3n en el Trabajo, con todos los retos que tenemos en relaci\u00f3n a la nueva regulaci\u00f3n prevista.Muy interesante e inspirador!Gracias por la excelente organizaci\u00f3n CECAPCYL,Alvaro Baruque Renata L\u00f3pez y a todos los ponentes y asistentes, un placer ponernos &hellip;<\/p>\n","protected":false},"author":2,"featured_media":674,"comment_status":"closed","ping_status":"open","sticky":false,"template":"","format":"standard","meta":{"footnotes":"","_jetpack_memberships_contains_paid_content":false},"categories":[3],"tags":[34,106,105,53,50,110,43,23,33,44,21,55,19,54,32,83,111,28,20,22,30,107,17,101],"jetpack_sharing_enabled":true,"jetpack_featured_media_url":"https:\/\/blog.dgformacion.com\/wp-content\/uploads\/2024\/11\/marcoEstrparaFormacionTrabajo.png","_links":{"self":[{"href":"https:\/\/blog.dgformacion.com\/index.php?rest_route=\/wp\/v2\/posts\/670"}],"collection":[{"href":"https:\/\/blog.dgformacion.com\/index.php?rest_route=\/wp\/v2\/posts"}],"about":[{"href":"https:\/\/blog.dgformacion.com\/index.php?rest_route=\/wp\/v2\/types\/post"}],"author":[{"embeddable":true,"href":"https:\/\/blog.dgformacion.com\/index.php?rest_route=\/wp\/v2\/users\/2"}],"replies":[{"embeddable":true,"href":"https:\/\/blog.dgformacion.com\/index.php?rest_route=%2Fwp%2Fv2%2Fcomments&post=670"}],"version-history":[{"count":1,"href":"https:\/\/blog.dgformacion.com\/index.php?rest_route=\/wp\/v2\/posts\/670\/revisions"}],"predecessor-version":[{"id":675,"href":"https:\/\/blog.dgformacion.com\/index.php?rest_route=\/wp\/v2\/posts\/670\/revisions\/675"}],"wp:featuredmedia":[{"embeddable":true,"href":"https:\/\/blog.dgformacion.com\/index.php?rest_route=\/wp\/v2\/media\/674"}],"wp:attachment":[{"href":"https:\/\/blog.dgformacion.com\/index.php?rest_route=%2Fwp%2Fv2%2Fmedia&parent=670"}],"wp:term":[{"taxonomy":"category","embeddable":true,"href":"https:\/\/blog.dgformacion.com\/index.php?rest_route=%2Fwp%2Fv2%2Fcategories&post=670"},{"taxonomy":"post_tag","embeddable":true,"href":"https:\/\/blog.dgformacion.com\/index.php?rest_route=%2Fwp%2Fv2%2Ftags&post=670"}],"curies":[{"name":"wp","href":"https:\/\/api.w.org\/{rel}","templated":true}]}}