{"id":734,"date":"2025-01-21T12:01:38","date_gmt":"2025-01-21T11:01:38","guid":{"rendered":"https:\/\/blog.dgformacion.com\/?p=734"},"modified":"2025-01-21T12:01:39","modified_gmt":"2025-01-21T11:01:39","slug":"reskilling-upskilling-de-la-poblacion-activa-extremadura-2025","status":"publish","type":"post","link":"https:\/\/blog.dgformacion.com\/?p=734","title":{"rendered":"Reskilling &#038; Upskilling de la Poblaci\u00f3n Activa. Extremadura, 2025"},"content":{"rendered":"\n<p>Subvenciones previstas en la L\u00ednea II del Decreto 155\/2022, de 21 de diciembre, destinadas afinanciar proyectos de acciones para la formaci\u00f3n de cualificaci\u00f3n y recualificaci\u00f3n (reskilling\/upskilling) de la poblaci\u00f3n activa en sectores estrat\u00e9gicos, sector del cuidado de las personas y en zonas en riesgo dedespoblaci\u00f3n en la comunidad aut\u00f3noma de Extremadura.<\/p>\n\n\n\n<figure class=\"wp-block-table\"><table><tbody><tr><td>CONVOCA<\/td><td>Junta de Extremadura \u2013 SERVICIO EXTREME\u00d1O P\u00daBLICO DE EMPLEO<\/td><\/tr><tr><td>FECHA DE SOLICITUD<\/td><td>29\/1\/2025<\/td><\/tr><tr><td>GESTIONA<\/td><td>SERVICIO EXTREME\u00d1O P\u00daBLICO DE EMPLEO<\/td><\/tr><tr><td>LOCALIZACI\u00d3N<\/td><td>Extremadura<\/td><\/tr><tr><td>OBJETO<\/td><td>Se aprueba la tercera convocatoria, correspondiente al ejercicio de 2025, de subvenciones previstas en la L\u00ednea 1I del Decreto 155\/2022, de 21 de diciembre, destinadas a financiar el desarrollo de acciones para la formaci\u00f3n de cualificaci\u00f3n y recualificaci\u00f3n (reskilling\/upskilling) de la poblaci\u00f3n activa en sectores estrat\u00e9gicos, sector del cuidado de las personas y en zonas de riesgo de despoblaci\u00f3n, en el \u00e1mbito de la Comunidad Aut\u00f3noma de Extremadura, en el marco del Componente 20 \u00abPlan estrat\u00e9gico de impulso de la Formaci\u00f3n Profesional\u00bb del PRTR, con financiaci\u00f3n de la Uni\u00f3n Europea, a trav\u00e9s del Instrumento Europeo de Recuperaci\u00f3n (\u00abNext Generation EU\u00bb).<\/td><\/tr><tr><td>CATEGOR\u00cdAS<\/td><td>Empleo Formaci\u00f3n Minusv\u00e1lidos \/ Discapacitados Mujeres, Infancia y Ayudas familiares Juventud Recursos Humanos<\/td><\/tr><tr><td>BENEFICIARIOS<\/td><td>Cooperativas y Sociedades Laborales no Agrarias Empresas (m\u00e1s de 250 empleados) Microempresas (menos de 10 empleados) Pymes (menos de 250 empleados) Sociedades Civiles<\/td><\/tr><tr><td>BEN. DETALLE<\/td><td>Podr\u00e1n ser beneficiarias de las subvenciones establecidas en esta convocatoria las entidades de formaci\u00f3n que se encuentren acreditadas y\/o inscritas, a fecha de la presentaci\u00f3n de la solicitud de subvenci\u00f3n, en la familia y \u00e1rea profesional asociadas a la cualificaci\u00f3n profesional a la que se vinculen las competencias profesionales para las cuales se oferta la formaci\u00f3n, en el correspondiente Registro de entidades de formaci\u00f3n. &nbsp; Las entidades de formaci\u00f3n deber\u00e1n disponer de los medios personales y materiales necesarios para llevar a cabo los proyectos de formaci\u00f3n por los que solicitan la ayuda o comprometerse a disponer de los mismos tras la adjudicaci\u00f3n de la subvenci\u00f3n, en el momento de inicio de la actividad formativa. Tales medios podr\u00e1n ser propios o de titularidad de terceras entidades privadas o p\u00fablicas y se deber\u00e1 disponer de ellos en el territorio de la Comunidad Aut\u00f3noma de Extremadura.<\/td><\/tr><\/tbody><\/table><\/figure>\n\n\n\n<p>Para m\u00e1s informaci\u00f3n, visital el siguiente enlace:<\/p>\n\n\n\n<div class=\"wp-block-buttons is-content-justification-center is-layout-flex wp-container-core-buttons-layout-1 wp-block-buttons-is-layout-flex\">\n<div class=\"wp-block-button\"><a class=\"wp-block-button__link has-white-color has-text-color has-link-color wp-element-button\" href=\"https:\/\/www.juntaex.es\/w\/0639322\" target=\"_blank\" rel=\"noreferrer noopener\">Ver convocatoria<\/a><\/div>\n<\/div>\n\n\n\n<p><\/p>\n\n\n\n<p class=\"has-text-align-center\" style=\"font-size:24px\">Echa un vistazo a nuestro cat\u00e1logo completo&nbsp;<a href=\"https:\/\/dgformacion.com\/categoria-curso\/contenido-en-formato-digital\/certificados-de-profesionalidad\/\" target=\"_blank\" rel=\"noreferrer noopener\">pinchando aqu\u00ed<\/a>.<\/p>\n\n\n\n<p class=\"has-text-align-center\">Contacta con nosotros a trav\u00e9s del 914 32 02 02, o info@dgformacion.com.<\/p>\n","protected":false},"excerpt":{"rendered":"<p>Subvenciones previstas en la L\u00ednea II del Decreto 155\/2022, de 21 de diciembre, destinadas afinanciar proyectos de acciones para la formaci\u00f3n de cualificaci\u00f3n y recualificaci\u00f3n (reskilling\/upskilling) de la poblaci\u00f3n activa en sectores estrat\u00e9gicos, sector del cuidado de las personas y en zonas en riesgo dedespoblaci\u00f3n en la comunidad aut\u00f3noma de Extremadura. CONVOCAJunta de Extremadura \u2013 &hellip;<\/p>\n","protected":false},"author":2,"featured_media":735,"comment_status":"closed","ping_status":"open","sticky":false,"template":"","format":"standard","meta":{"footnotes":"","_jetpack_memberships_contains_paid_content":false},"categories":[4],"tags":[91,31,64,78,90,19,89,118,93,66,65,74,119,67,75],"jetpack_sharing_enabled":true,"jetpack_featured_media_url":"https:\/\/blog.dgformacion.com\/wp-content\/uploads\/2025\/01\/resUp_extremaduraener25.png","_links":{"self":[{"href":"https:\/\/blog.dgformacion.com\/index.php?rest_route=\/wp\/v2\/posts\/734"}],"collection":[{"href":"https:\/\/blog.dgformacion.com\/index.php?rest_route=\/wp\/v2\/posts"}],"about":[{"href":"https:\/\/blog.dgformacion.com\/index.php?rest_route=\/wp\/v2\/types\/post"}],"author":[{"embeddable":true,"href":"https:\/\/blog.dgformacion.com\/index.php?rest_route=\/wp\/v2\/users\/2"}],"replies":[{"embeddable":true,"href":"https:\/\/blog.dgformacion.com\/index.php?rest_route=%2Fwp%2Fv2%2Fcomments&post=734"}],"version-history":[{"count":1,"href":"https:\/\/blog.dgformacion.com\/index.php?rest_route=\/wp\/v2\/posts\/734\/revisions"}],"predecessor-version":[{"id":736,"href":"https:\/\/blog.dgformacion.com\/index.php?rest_route=\/wp\/v2\/posts\/734\/revisions\/736"}],"wp:featuredmedia":[{"embeddable":true,"href":"https:\/\/blog.dgformacion.com\/index.php?rest_route=\/wp\/v2\/media\/735"}],"wp:attachment":[{"href":"https:\/\/blog.dgformacion.com\/index.php?rest_route=%2Fwp%2Fv2%2Fmedia&parent=734"}],"wp:term":[{"taxonomy":"category","embeddable":true,"href":"https:\/\/blog.dgformacion.com\/index.php?rest_route=%2Fwp%2Fv2%2Fcategories&post=734"},{"taxonomy":"post_tag","embeddable":true,"href":"https:\/\/blog.dgformacion.com\/index.php?rest_route=%2Fwp%2Fv2%2Ftags&post=734"}],"curies":[{"name":"wp","href":"https:\/\/api.w.org\/{rel}","templated":true}]}}