{"id":748,"date":"2025-01-28T15:39:27","date_gmt":"2025-01-28T14:39:27","guid":{"rendered":"https:\/\/blog.dgformacion.com\/?p=748"},"modified":"2025-01-28T16:33:00","modified_gmt":"2025-01-28T15:33:00","slug":"reskilling-upskilling-en-sectores-especificos-aragon-2025","status":"publish","type":"post","link":"https:\/\/blog.dgformacion.com\/?p=748","title":{"rendered":"Reskilling &#038; Upskilling en sectores espec\u00edficos &#8211; Arag\u00f3n 2025"},"content":{"rendered":"\n<p>Se ha publicado en el Bolet\u00edn Oficial de Arag\u00f3n, el EXTRACTO de la Orden EMC\/33\/2025, de 8 de enero, por la que se establece la convocatoria anticipada para 2025 del programa de subvenciones p\u00fablicas para la financiaci\u00f3n de acciones formativas dirigidas a la cualificaci\u00f3n y recualificaci\u00f3n de la poblaci\u00f3n activa, vinculadas a cualificaciones profesionales en sectores estrat\u00e9gicos, cuidado de las personas y zonas de riesgo de despoblaci\u00f3n, as\u00ed como para el acompa\u00f1amiento para la evaluaci\u00f3n y acreditaci\u00f3n de las competencias profesionales, en el \u00e1mbito de la Comunidad Aut\u00f3noma de Arag\u00f3n, en el marco del Plan de Recuperaci\u00f3n, Transformaci\u00f3n y Resiliencia.<\/p>\n\n\n\n<figure class=\"wp-block-table\"><table><tbody><tr><td><strong>Convoca:<\/strong><\/td><td>Gobierno de Arag\u00f3n &#8211; Departamento de Empleo, Ciencia y Universidades<\/td><\/tr><tr><td><strong>Fecha de Solicitud:<\/strong><\/td><td>24\/02\/2025<\/td><\/tr><tr><td><strong>gestiona:<\/strong><\/td><td>Departamento de Empleo, Ciencia y Universidades<\/td><\/tr><tr><td><strong>Localizaci\u00f3n de Acciones Subvencionables:<\/strong><\/td><td>Arag\u00f3n<\/td><\/tr><tr><td><strong>Objeto:<\/strong><\/td><td>La presente Orden tiene por objeto aprobar la convocatoria anticipada para el ejercicio econ\u00f3mico del a\u00f1o 2025, en el marco del Plan de Recuperaci\u00f3n, Transformaci\u00f3n y Resiliencia, del programa de ayudas para la formaci\u00f3n de cualificaci\u00f3n y recualificaci\u00f3n de la poblaci\u00f3n activa, vinculada a cualificaciones profesionales en sectores estrat\u00e9gicos, cuidado de las personas y zonas de riesgo de despoblaci\u00f3n, as\u00ed como para el acompa\u00f1amiento para la evaluaci\u00f3n y acreditaci\u00f3n de las competencias profesionales, en el \u00e1mbito de la Comunidad Aut\u00f3noma de Arag\u00f3n.<\/td><\/tr><tr><td><strong>Categor\u00edas:<\/strong><\/td><td>Empleo Formaci\u00f3n<\/td><\/tr><tr><td><strong>Beneficiarios:<\/strong><\/td><td>Aut\u00f3nomos Comunidades de bienes \/ propietarios Cooperativas y Sociedades Laborales no Agrarias Empresas (m\u00e1s de 250 empleados) Microempresas (menos de 10 empleados) Pymes (menos de 250 empleados) Sociedades Civiles<\/td><\/tr><tr><td><strong>Beneficiarios detalle:<\/strong><\/td><td>Podr\u00e1n ser beneficiaras las entidades de formaci\u00f3n, cuando se hallen inscritas, a fecha de publicaci\u00f3n de la convocatoria, en el Registro de Centros Colaboradores en materia de Formaci\u00f3n e Inserci\u00f3n Profesional de la Comunidad Aut\u00f3noma de Arag\u00f3n o, en su caso, en el Registro Estatal de Entidades de Formaci\u00f3n. En este \u00faltimo caso, en el momento de iniciar la formaci\u00f3n, las entidades deber\u00e1n disponer de instalaciones en el territorio de la Comunidad Aut\u00f3noma de Arag\u00f3n que re\u00fanan las condiciones adecuadas para poder impartir las especialidades formativas solicitadas. No se podr\u00e1n admitir convenios o contratos de alquiler con centros que ya est\u00e9n inscritos en el Registro de Centros Colaboradores en materia de Formaci\u00f3n e Inserci\u00f3n Profesional de la Comunidad Aut\u00f3noma de Arag\u00f3n.<\/td><\/tr><tr><td><strong>Localizaci\u00f3n del Beneficiario:<\/strong><\/td><td>Arag\u00f3n<\/td><\/tr><\/tbody><\/table><\/figure>\n\n\n\n<p>Para m\u00e1s informaci\u00f3n, visital el siguiente enlace:<\/p>\n\n\n\n<div class=\"wp-block-buttons is-content-justification-center is-layout-flex wp-container-core-buttons-layout-1 wp-block-buttons-is-layout-flex\">\n<div class=\"wp-block-button\"><a class=\"wp-block-button__link has-white-color has-text-color has-link-color wp-element-button\" href=\"https:\/\/www.boa.aragon.es\/cgi-bin\/CONV\/BRSCGI?CMD=VEROBJ&amp;MLKOB=1373677814242\" target=\"_blank\" rel=\"noreferrer noopener\">Ver convocatoria<\/a><\/div>\n<\/div>\n\n\n\n<p><\/p>\n\n\n\n<p class=\"has-text-align-center\" style=\"font-size:24px\">Echa un vistazo a nuestro cat\u00e1logo completo&nbsp;<a href=\"https:\/\/dgformacion.com\/categoria-curso\/contenido-en-formato-digital\/certificados-de-profesionalidad\/\" target=\"_blank\" rel=\"noreferrer noopener\">pinchando aqu\u00ed<\/a>.<\/p>\n\n\n\n<p class=\"has-text-align-center\">Contacta con nosotros a trav\u00e9s del 914 32 02 02, o info@dgformacion.com.<\/p>\n","protected":false},"excerpt":{"rendered":"<p>Se ha publicado en el Bolet\u00edn Oficial de Arag\u00f3n, el EXTRACTO de la Orden EMC\/33\/2025, de 8 de enero, por la que se establece la convocatoria anticipada para 2025 del programa de subvenciones p\u00fablicas para la financiaci\u00f3n de acciones formativas dirigidas a la cualificaci\u00f3n y recualificaci\u00f3n de la poblaci\u00f3n activa, vinculadas a cualificaciones profesionales en &hellip;<\/p>\n","protected":false},"author":2,"featured_media":749,"comment_status":"closed","ping_status":"open","sticky":false,"template":"","format":"standard","meta":{"footnotes":"","_jetpack_memberships_contains_paid_content":false},"categories":[4],"tags":[108,91,31,64,78,90,19,89,118,93,66,65,74,119,67,75],"jetpack_sharing_enabled":true,"jetpack_featured_media_url":"https:\/\/blog.dgformacion.com\/wp-content\/uploads\/2025\/01\/reUpskAragon.png","_links":{"self":[{"href":"https:\/\/blog.dgformacion.com\/index.php?rest_route=\/wp\/v2\/posts\/748"}],"collection":[{"href":"https:\/\/blog.dgformacion.com\/index.php?rest_route=\/wp\/v2\/posts"}],"about":[{"href":"https:\/\/blog.dgformacion.com\/index.php?rest_route=\/wp\/v2\/types\/post"}],"author":[{"embeddable":true,"href":"https:\/\/blog.dgformacion.com\/index.php?rest_route=\/wp\/v2\/users\/2"}],"replies":[{"embeddable":true,"href":"https:\/\/blog.dgformacion.com\/index.php?rest_route=%2Fwp%2Fv2%2Fcomments&post=748"}],"version-history":[{"count":1,"href":"https:\/\/blog.dgformacion.com\/index.php?rest_route=\/wp\/v2\/posts\/748\/revisions"}],"predecessor-version":[{"id":750,"href":"https:\/\/blog.dgformacion.com\/index.php?rest_route=\/wp\/v2\/posts\/748\/revisions\/750"}],"wp:featuredmedia":[{"embeddable":true,"href":"https:\/\/blog.dgformacion.com\/index.php?rest_route=\/wp\/v2\/media\/749"}],"wp:attachment":[{"href":"https:\/\/blog.dgformacion.com\/index.php?rest_route=%2Fwp%2Fv2%2Fmedia&parent=748"}],"wp:term":[{"taxonomy":"category","embeddable":true,"href":"https:\/\/blog.dgformacion.com\/index.php?rest_route=%2Fwp%2Fv2%2Fcategories&post=748"},{"taxonomy":"post_tag","embeddable":true,"href":"https:\/\/blog.dgformacion.com\/index.php?rest_route=%2Fwp%2Fv2%2Ftags&post=748"}],"curies":[{"name":"wp","href":"https:\/\/api.w.org\/{rel}","templated":true}]}}