{"id":751,"date":"2025-01-28T16:23:28","date_gmt":"2025-01-28T15:23:28","guid":{"rendered":"https:\/\/blog.dgformacion.com\/?p=751"},"modified":"2025-01-28T16:32:07","modified_gmt":"2025-01-28T15:32:07","slug":"formacion-con-compromiso-de-contratacion-galicia-2025","status":"publish","type":"post","link":"https:\/\/blog.dgformacion.com\/?p=751","title":{"rendered":"Formaci\u00f3n con compromiso de contrataci\u00f3n. Galicia, 2025."},"content":{"rendered":"\n<p>Subvenciones en r\u00e9gimen de concurrencia no competitiva para la financiaci\u00f3n de acciones formativas con compromiso de contrataci\u00f3n en unidades formativas de las empresas, para el ejercicio 2023.<\/p>\n\n\n\n<p>Adem\u00e1s, la tercera convocatoria de subvenciones en r\u00e9gimen de concurrencia no competitiva para la financiaci\u00f3n de acciones formativas con compromiso de contrataci\u00f3n en unidades formativas de las empresas, para el ejercicio 2025.<\/p>\n\n\n\n<figure class=\"wp-block-table\"><table><tbody><tr><td><strong>Convoca:<\/strong><\/td><td>Xunta de Galicia &#8211; Conseller\u00eda de Empleo, Comercio y Emigraci\u00f3n<\/td><\/tr><tr><td><strong>Cuant\u00eda:<\/strong><\/td><td>Se destina a la primera convocatoria, correspondiente a la anualidad 2023, un cr\u00e9dito por importe total de tres millones ciento cuarenta y ocho mil trescientos treinta y cuatro euros (3.148.334,00&nbsp; Euros).<\/td><\/tr><tr><td><strong>Fecha de Solicitud:<\/strong><\/td><td>30\/09\/2025<\/td><\/tr><tr><td><strong>Gestiona:<\/strong><\/td><td>Conseller\u00eda de Empleo, Comercio y Emigraci\u00f3n<\/td><\/tr><tr><td><strong>Localizaci\u00f3n de Acciones Subvencionables:<\/strong><\/td><td>Galicia<\/td><\/tr><tr><td><strong>Objeto:<\/strong><\/td><td>La orden tiene por objeto proceder, en el \u00e1mbito de la Comunidad Aut\u00f3noma de Galicia, a la segunda convocatoria de subvenciones de acciones formativas para el empleo en unidades formativas en las empresas con compromiso de contrataci\u00f3n para el ejercicio 2024 (c\u00f3digo de procedimiento TR301P).<\/td><\/tr><tr><td><strong>Requisitos:<\/strong><\/td><td>Requisitos a cumplir en relaci\u00f3n con el personal formador: 1. Toda persona que fuera validada como formadora por una unidad administrativa de una administraci\u00f3n p\u00fablica competente en materia de formaci\u00f3n profesional para el empleo para impartir una determinada especialidad formativa se entender\u00e1 que cumple con los requisitos para impartirla, en la modalidad para la que fue validada, en todo el territorio de la Comunidad Aut\u00f3noma de Galicia y durante el per\u00edodo que se determine en cada una de las convocatorias. 2. Las personas docentes encargadas de la impartici\u00f3n del m\u00f3dulo de formaci\u00f3n sobre igualdad de oportunidades entre mujeres y hombres y corresponsabilidad familiar y dom\u00e9stica establecido en el art\u00edculo 31 de la orden, deber\u00e1n acreditar 150 horas de formaci\u00f3n en materia de g\u00e9nero o de experiencia profesional o docente en materia de g\u00e9nero, si\u00e9ndoles de aplicaci\u00f3n los mismos criterios de equiparaci\u00f3n de la acreditaci\u00f3n que se establecen en el apartado anterior.<\/td><\/tr><tr><td><strong>Categor\u00edas:<\/strong><\/td><td>Empleo Formaci\u00f3n<\/td><\/tr><tr><td><strong>Beneficiarios:<\/strong><\/td><td>Agrupaciones de inter\u00e9s econ\u00f3mico \/ de empresas \/ de personas f\u00edsicas y jur\u00eddicas Aut\u00f3nomos Cooperativas y Sociedades Laborales no Agrarias Empresas (m\u00e1s de 250 empleados) Microempresas (menos de 10 empleados) Particulares \/ Personas f\u00edsicas Pymes (menos de 250 empleados) Sociedades Civiles Universidades P\u00fablicas y Privadas \/ Centros de Ense\u00f1anza<\/td><\/tr><tr><td><strong>Beneficiarios detalle:<\/strong><\/td><td>Podr\u00e1n ser entidades beneficiarias las empresas, cualquiera que sea la forma jur\u00eddica que adopten, y las agrupaciones temporales de empresas. Las empresas que sean entidades de formaci\u00f3n y que sean titulares de centros o entidades de formaci\u00f3n inscritos para impartir formaci\u00f3n profesional para el empleo en el \u00e1mbito laboral de la comunidad aut\u00f3noma de Galicia en aquellas especialidades formativas para las cuales soliciten subvenci\u00f3n. Las acciones formativas objeto de financiaci\u00f3n se dirigir\u00e1n a las personas trabajadoras desempleadas.<\/td><\/tr><tr><td><strong>Localizaci\u00f3n del Beneficiario:<\/strong><\/td><td>Galicia<\/td><\/tr><\/tbody><\/table><\/figure>\n\n\n\n<p>Para m\u00e1s informaci\u00f3n, visital el siguiente enlace:<\/p>\n\n\n\n<div class=\"wp-block-buttons is-content-justification-center is-layout-flex wp-container-core-buttons-layout-1 wp-block-buttons-is-layout-flex\">\n<div class=\"wp-block-button\"><a class=\"wp-block-button__link has-white-color has-text-color has-link-color wp-element-button\" href=\"https:\/\/sede.xunta.gal\/detalle-procedemento?langId=es_ES&amp;langId=es_ES&amp;codtram=TR301P\" target=\"_blank\" rel=\"noreferrer noopener\">Ver convocatoria<\/a><\/div>\n<\/div>\n\n\n\n<p><\/p>\n\n\n\n<p class=\"has-text-align-center\" style=\"font-size:24px\">Echa un vistazo a nuestro cat\u00e1logo completo&nbsp;<a href=\"https:\/\/dgformacion.com\/categoria-curso\/contenido-en-formato-digital\/certificados-de-profesionalidad\/\" target=\"_blank\" rel=\"noreferrer noopener\">pinchando aqu\u00ed<\/a>.<\/p>\n\n\n\n<p class=\"has-text-align-center\">Contacta con nosotros a trav\u00e9s del 914 32 02 02, o info@dgformacion.com.<\/p>\n","protected":false},"excerpt":{"rendered":"<p>Subvenciones en r\u00e9gimen de concurrencia no competitiva para la financiaci\u00f3n de acciones formativas con compromiso de contrataci\u00f3n en unidades formativas de las empresas, para el ejercicio 2023. Adem\u00e1s, la tercera convocatoria de subvenciones en r\u00e9gimen de concurrencia no competitiva para la financiaci\u00f3n de acciones formativas con compromiso de contrataci\u00f3n en unidades formativas de las empresas, &hellip;<\/p>\n","protected":false},"author":2,"featured_media":752,"comment_status":"closed","ping_status":"open","sticky":false,"template":"","format":"standard","meta":{"footnotes":"","_jetpack_memberships_contains_paid_content":false},"categories":[4],"tags":[91,122,31,64,78,90,19,89,79,118,93,66,65,74,119,67,75],"jetpack_sharing_enabled":true,"jetpack_featured_media_url":"https:\/\/blog.dgformacion.com\/wp-content\/uploads\/2025\/01\/contrGalicia_25.png","_links":{"self":[{"href":"https:\/\/blog.dgformacion.com\/index.php?rest_route=\/wp\/v2\/posts\/751"}],"collection":[{"href":"https:\/\/blog.dgformacion.com\/index.php?rest_route=\/wp\/v2\/posts"}],"about":[{"href":"https:\/\/blog.dgformacion.com\/index.php?rest_route=\/wp\/v2\/types\/post"}],"author":[{"embeddable":true,"href":"https:\/\/blog.dgformacion.com\/index.php?rest_route=\/wp\/v2\/users\/2"}],"replies":[{"embeddable":true,"href":"https:\/\/blog.dgformacion.com\/index.php?rest_route=%2Fwp%2Fv2%2Fcomments&post=751"}],"version-history":[{"count":1,"href":"https:\/\/blog.dgformacion.com\/index.php?rest_route=\/wp\/v2\/posts\/751\/revisions"}],"predecessor-version":[{"id":753,"href":"https:\/\/blog.dgformacion.com\/index.php?rest_route=\/wp\/v2\/posts\/751\/revisions\/753"}],"wp:featuredmedia":[{"embeddable":true,"href":"https:\/\/blog.dgformacion.com\/index.php?rest_route=\/wp\/v2\/media\/752"}],"wp:attachment":[{"href":"https:\/\/blog.dgformacion.com\/index.php?rest_route=%2Fwp%2Fv2%2Fmedia&parent=751"}],"wp:term":[{"taxonomy":"category","embeddable":true,"href":"https:\/\/blog.dgformacion.com\/index.php?rest_route=%2Fwp%2Fv2%2Fcategories&post=751"},{"taxonomy":"post_tag","embeddable":true,"href":"https:\/\/blog.dgformacion.com\/index.php?rest_route=%2Fwp%2Fv2%2Ftags&post=751"}],"curies":[{"name":"wp","href":"https:\/\/api.w.org\/{rel}","templated":true}]}}