{"id":754,"date":"2025-01-30T10:37:55","date_gmt":"2025-01-30T09:37:55","guid":{"rendered":"https:\/\/blog.dgformacion.com\/?p=754"},"modified":"2025-01-30T10:37:56","modified_gmt":"2025-01-30T09:37:56","slug":"upskilling-y-activacion-profesional-juvenil-madrid-2025","status":"publish","type":"post","link":"https:\/\/blog.dgformacion.com\/?p=754","title":{"rendered":"Upskilling y Activaci\u00f3n Profesional juvenil, Madrid 2025."},"content":{"rendered":"\n<p>Subvenciones en r\u00e9gimen de concurrencia no competitiva para la financiaci\u00f3n de acciones formativas con compromiso de contrataci\u00f3n en unidades formativas de las empresas, para el ejercicio 2023.<\/p>\n\n\n\n<p>Adem\u00e1s, la tercera convocatoria de subvenciones en r\u00e9gimen de concurrencia no competitiva para la financiaci\u00f3n de acciones formativas con compromiso de contrataci\u00f3n en unidades formativas de las empresas, para el ejercicio 2025.<\/p>\n\n\n\n<figure class=\"wp-block-table\"><table><tbody><tr><td>Dirigido a:<\/td><td>1. Podr\u00e1n acogerse a las ayudas previstas en la presente convocatoria, las entidades locales de la Comunidad de Madrid, as\u00ed como sus organismos aut\u00f3nomos y entidades con competencias en materia de pol\u00edticas activas de empleo, desarrollo local y de promoci\u00f3n de la ocupaci\u00f3n, dependientes o asimiladas a aqu\u00e9llas, cuya titularidad corresponda \u00edntegramente a dichas entidades locales.<br><br>2. Las entidades que contraten a personas desempleadas a trav\u00e9s de esta medida de pol\u00edtica activa de empleo deber\u00e1n ser competentes para la ejecuci\u00f3n de las obras o servicios correspondientes a los puestos de trabajo para los que se solicita la subvenci\u00f3n, tener capacidad t\u00e9cnica y de gesti\u00f3n para la impartici\u00f3n de la formaci\u00f3n y deber\u00e1n hallarse al corriente de sus obligaciones tributarias y con la Seguridad Social y no tener deudas en v\u00eda ejecutiva con la Comunidad de Madrid.<br><br>3. Las entidades beneficiarias del programa de Activaci\u00f3n Profesional adoptar\u00e1n las medidas necesarias en materia de flexibilidad del horario de trabajo para permitir a las personas trabajadoras con responsabilidades familiares y de cuidado conciliar su participaci\u00f3n en estos programas con el cuidado de hijos menores de 12 a\u00f1os o de familiares dependientes hasta el segundo grado.<\/td><\/tr><tr><td>Presupuesto final<\/td><td>FSE+ y CM-TRAM.ANTI.2025: FOMENTO EMPL.JUVENIL CCLL(EMP-FORM CUALIFICACION):&nbsp;<strong>7.000.000,00 \u20ac<\/strong><br>FSE+ y CM-TRAM.ANTIC.2025:FOMENTO EMPLEO JUVENIL CCLL (EMP-FORM ACTIVACION):&nbsp;<strong>7.000.000,00 \u20ac<\/strong><\/td><\/tr><tr><td>Plazo de m\u00e1ximo de Solicitud<\/td><td>15 d\u00edas h\u00e1biles a contar desde el 10 de febrero de 2025.<\/td><\/tr><tr><td>Modalidad<\/td><td>La formaci\u00f3n se podr\u00e1 llevar a cabo en 2 modalidades:<br><br>1. Presencial. Excepcionalmente y previa solicitud motivada del beneficiario y autorizaci\u00f3n por la direcci\u00f3n general de la Comunidad de Madrid<br><br>2. Aula virtual. Excepcionalmente y previa solicitud motivada del beneficiario y autorizaci\u00f3n por la direcci\u00f3n general de la Comunidad de Madrid competente en materia de empleo, podr\u00e1 impartirse la formaci\u00f3n de los programas p\u00fablicos de empleo-formaci\u00f3n en la modalidad presencial de aula virtual. Esta modalidad podr\u00e1 solicitarse para todos los destinatarios del programa o para aquellos que muestren dificultades de conciliaci\u00f3n familiar o discapacidad que implique movilidad reducida.<\/td><\/tr><tr><td>Colecci\u00f3n<\/td><td>Competencias Digitales Europeas (DIGCOMP) \u2013 Competencias Profesionales (Especialidades Formativas)<\/td><\/tr><\/tbody><\/table><\/figure>\n\n\n\n<p>Para m\u00e1s informaci\u00f3n, visital el siguiente enlace:<\/p>\n\n\n\n<div class=\"wp-block-buttons is-content-justification-center is-layout-flex wp-container-core-buttons-layout-1 wp-block-buttons-is-layout-flex\">\n<div class=\"wp-block-button\"><a class=\"wp-block-button__link has-white-color has-text-color has-link-color wp-element-button\" href=\"https:\/\/www.innovacionycualificacion.com\/wp-content\/uploads\/2025\/01\/Texto-Convocatoria-BDNS-Orden-3-dic-2024-Convocatoria-1.pdf\" target=\"_blank\" rel=\"noreferrer noopener\">Ver convocatoria<\/a><\/div>\n<\/div>\n\n\n\n<p><\/p>\n\n\n\n<p class=\"has-text-align-center\" style=\"font-size:24px\">Echa un vistazo a nuestro cat\u00e1logo completo&nbsp;<a href=\"https:\/\/dgformacion.com\/categoria-curso\/contenido-en-formato-digital\/certificados-de-profesionalidad\/\" target=\"_blank\" rel=\"noreferrer noopener\">pinchando aqu\u00ed<\/a>.<\/p>\n\n\n\n<p class=\"has-text-align-center\">Contacta con nosotros a trav\u00e9s del 914 32 02 02, o info@dgformacion.com.<\/p>\n","protected":false},"excerpt":{"rendered":"<p>Subvenciones en r\u00e9gimen de concurrencia no competitiva para la financiaci\u00f3n de acciones formativas con compromiso de contrataci\u00f3n en unidades formativas de las empresas, para el ejercicio 2023. Adem\u00e1s, la tercera convocatoria de subvenciones en r\u00e9gimen de concurrencia no competitiva para la financiaci\u00f3n de acciones formativas con compromiso de contrataci\u00f3n en unidades formativas de las empresas, &hellip;<\/p>\n","protected":false},"author":2,"featured_media":755,"comment_status":"closed","ping_status":"open","sticky":false,"template":"","format":"standard","meta":{"footnotes":"","_jetpack_memberships_contains_paid_content":false},"categories":[4],"tags":[123,91,122,31,64,78,90,19,89,127,126,124,125,83,118,93,66,65,74,119,67,75],"jetpack_sharing_enabled":true,"jetpack_featured_media_url":"https:\/\/blog.dgformacion.com\/wp-content\/uploads\/2025\/01\/upSk_acProf_mad25.png","_links":{"self":[{"href":"https:\/\/blog.dgformacion.com\/index.php?rest_route=\/wp\/v2\/posts\/754"}],"collection":[{"href":"https:\/\/blog.dgformacion.com\/index.php?rest_route=\/wp\/v2\/posts"}],"about":[{"href":"https:\/\/blog.dgformacion.com\/index.php?rest_route=\/wp\/v2\/types\/post"}],"author":[{"embeddable":true,"href":"https:\/\/blog.dgformacion.com\/index.php?rest_route=\/wp\/v2\/users\/2"}],"replies":[{"embeddable":true,"href":"https:\/\/blog.dgformacion.com\/index.php?rest_route=%2Fwp%2Fv2%2Fcomments&post=754"}],"version-history":[{"count":1,"href":"https:\/\/blog.dgformacion.com\/index.php?rest_route=\/wp\/v2\/posts\/754\/revisions"}],"predecessor-version":[{"id":756,"href":"https:\/\/blog.dgformacion.com\/index.php?rest_route=\/wp\/v2\/posts\/754\/revisions\/756"}],"wp:featuredmedia":[{"embeddable":true,"href":"https:\/\/blog.dgformacion.com\/index.php?rest_route=\/wp\/v2\/media\/755"}],"wp:attachment":[{"href":"https:\/\/blog.dgformacion.com\/index.php?rest_route=%2Fwp%2Fv2%2Fmedia&parent=754"}],"wp:term":[{"taxonomy":"category","embeddable":true,"href":"https:\/\/blog.dgformacion.com\/index.php?rest_route=%2Fwp%2Fv2%2Fcategories&post=754"},{"taxonomy":"post_tag","embeddable":true,"href":"https:\/\/blog.dgformacion.com\/index.php?rest_route=%2Fwp%2Fv2%2Ftags&post=754"}],"curies":[{"name":"wp","href":"https:\/\/api.w.org\/{rel}","templated":true}]}}