{"id":757,"date":"2025-01-30T10:54:38","date_gmt":"2025-01-30T09:54:38","guid":{"rendered":"https:\/\/blog.dgformacion.com\/?p=757"},"modified":"2025-01-30T10:54:39","modified_gmt":"2025-01-30T09:54:39","slug":"f-p-dual-novedades-normativas-buenas-practicas-y-seguimiento-ceoe-y-edene-2025","status":"publish","type":"post","link":"https:\/\/blog.dgformacion.com\/?p=757","title":{"rendered":"F.P. Dual: Novedades normativas, Buenas pr\u00e1cticas y Seguimiento &#8211; CEOE y EdeNE, 2025"},"content":{"rendered":"\n<p>\ud83d\udce2 <strong>\u00a1DGF asisti\u00f3 en el evento clave sobre FP Dual y PYMES q<\/strong>ue organizaba EdeNE, CEOE , SEPE, con la colaboraci\u00f3n de la Fundaci\u00f3n Bertelsmann\ud83d\ude80<\/p>\n\n\n\n<p>Este <strong>30 de enero de 2025<\/strong>, <strong>DGF<\/strong> ha asistido a la jornada <strong>\u00abFormaci\u00f3n Profesional Dual: Novedades Normativas, Buenas Pr\u00e1cticas y Seguimiento\u00bb<\/strong> en la sede de CEOE en Madrid. Un evento imprescindible para empresas, y profesionales del sector, que buscan impulsar la <strong>FP Dual como una oportunidad real para las PYMES<\/strong>.<\/p>\n\n\n\n<p>\ud83d\udca1 Durante la jornada, expertos del sector compartieron <strong>retos, estrategias innovadoras y casos de \u00e9xito<\/strong> para mejorar la integraci\u00f3n de la FP Dual en peque\u00f1as y medianas empresas. \u00a1Un espacio de posibilidades para aprender!<\/p>\n\n\n\n<p>\ud83d\udd39 <strong>Lugar:<\/strong> CEOE, C\/ Diego de Le\u00f3n, 50, Madrid<br>\ud83d\udd39 <strong>Temas clave:<\/strong><br>\u2705 Barreras y soluciones para la FP Dual en PYMES<br>\u2705 Buenas pr\u00e1cticas de empresas referentes<br>\u2705 Innovaciones para su implementaci\u00f3n<\/p>\n\n\n\n<p>\ud83d\udcaa En <strong>DGF<\/strong> creemos en el poder de la <strong>formaci\u00f3n y el talento joven<\/strong> como motor de crecimiento. \u00a1Nos llevamos grandes aprendizajes de este evento! \ud83d\udd25\ud83d\udc4f<\/p>\n\n\n\n<p>#DGF #FPDual #PYMES #Formaci\u00f3nProfesional #EmpleoJuvenil<\/p>\n\n\n\n\n\n<p>Maravillosa jornada&#8230; \u00a1hasta pronto!<\/p>\n","protected":false},"excerpt":{"rendered":"<p>\ud83d\udce2 \u00a1DGF asisti\u00f3 en el evento clave sobre FP Dual y PYMES que organizaba EdeNE, CEOE , SEPE, con la colaboraci\u00f3n de la Fundaci\u00f3n Bertelsmann\ud83d\ude80 Este 30 de enero de 2025, DGF ha asistido a la jornada \u00abFormaci\u00f3n Profesional Dual: Novedades Normativas, Buenas Pr\u00e1cticas y Seguimiento\u00bb en la sede de CEOE en Madrid. Un evento &hellip;<\/p>\n","protected":false},"author":2,"featured_media":758,"comment_status":"closed","ping_status":"open","sticky":false,"template":"","format":"standard","meta":{"footnotes":"","_jetpack_memberships_contains_paid_content":false},"categories":[3],"tags":[97,51,129,53,50,43,116,23,33,121,44,114,21,55,117,19,128,32,83,115,28,20,22],"jetpack_sharing_enabled":true,"jetpack_featured_media_url":"https:\/\/blog.dgformacion.com\/wp-content\/uploads\/2025\/01\/fpdual_madrid25.png","_links":{"self":[{"href":"https:\/\/blog.dgformacion.com\/index.php?rest_route=\/wp\/v2\/posts\/757"}],"collection":[{"href":"https:\/\/blog.dgformacion.com\/index.php?rest_route=\/wp\/v2\/posts"}],"about":[{"href":"https:\/\/blog.dgformacion.com\/index.php?rest_route=\/wp\/v2\/types\/post"}],"author":[{"embeddable":true,"href":"https:\/\/blog.dgformacion.com\/index.php?rest_route=\/wp\/v2\/users\/2"}],"replies":[{"embeddable":true,"href":"https:\/\/blog.dgformacion.com\/index.php?rest_route=%2Fwp%2Fv2%2Fcomments&post=757"}],"version-history":[{"count":1,"href":"https:\/\/blog.dgformacion.com\/index.php?rest_route=\/wp\/v2\/posts\/757\/revisions"}],"predecessor-version":[{"id":759,"href":"https:\/\/blog.dgformacion.com\/index.php?rest_route=\/wp\/v2\/posts\/757\/revisions\/759"}],"wp:featuredmedia":[{"embeddable":true,"href":"https:\/\/blog.dgformacion.com\/index.php?rest_route=\/wp\/v2\/media\/758"}],"wp:attachment":[{"href":"https:\/\/blog.dgformacion.com\/index.php?rest_route=%2Fwp%2Fv2%2Fmedia&parent=757"}],"wp:term":[{"taxonomy":"category","embeddable":true,"href":"https:\/\/blog.dgformacion.com\/index.php?rest_route=%2Fwp%2Fv2%2Fcategories&post=757"},{"taxonomy":"post_tag","embeddable":true,"href":"https:\/\/blog.dgformacion.com\/index.php?rest_route=%2Fwp%2Fv2%2Ftags&post=757"}],"curies":[{"name":"wp","href":"https:\/\/api.w.org\/{rel}","templated":true}]}}