{"id":762,"date":"2025-02-26T14:14:16","date_gmt":"2025-02-26T13:14:16","guid":{"rendered":"https:\/\/blog.dgformacion.com\/?p=762"},"modified":"2025-02-26T14:14:17","modified_gmt":"2025-02-26T13:14:17","slug":"jornada-de-presentacion-del-informe-de-fundacion-cife-25-de-febrero-2025","status":"publish","type":"post","link":"https:\/\/blog.dgformacion.com\/?p=762","title":{"rendered":"Jornada de presentaci\u00f3n del Informe, de Fundaci\u00f3n CIFE &#8211; 25 de febrero, 2025"},"content":{"rendered":"\n<p>DGF particip\u00f3 en la jornada de presentaci\u00f3n del informe organizada por la Fundaci\u00f3n CIFE. Durante el evento, se discuti\u00f3 la situaci\u00f3n actual de la formaci\u00f3n profesional en el pa\u00eds, destacando los avances y los desaf\u00edos persistentes en cuanto a la integraci\u00f3n del sistema educativo con las demandas del mercado laboral. Se puso \u00e9nfasis en la necesidad de fortalecer la colaboraci\u00f3n entre empresas y centros educativos para asegurar la empleabilidad de los j\u00f3venes.<\/p>\n\n\n\n<p>Uno de los puntos clave del informe fue la importancia de la formaci\u00f3n continua y la reconversi\u00f3n profesional frente a la r\u00e1pida evoluci\u00f3n de los sectores econ\u00f3micos. Los ponentes subrayaron que la formaci\u00f3n debe adaptarse a las nuevas tecnolog\u00edas y necesidades del mercado, como la digitalizaci\u00f3n y la transici\u00f3n verde, para que los trabajadores puedan mantenerse competitivos. En este contexto, se debati\u00f3 tambi\u00e9n sobre la importancia de las pol\u00edticas p\u00fablicas que faciliten el acceso a la formaci\u00f3n de calidad para todos los trabajadores.<\/p>\n\n\n\n<p>Desde DGF, consideramos que el evento fue una excelente oportunidad para entender mejor los retos y las oportunidades en el \u00e1mbito de la formaci\u00f3n profesional. Este tipo de informes y an\u00e1lisis son clave para alinear nuestra estrategia de formaci\u00f3n interna y ayudar a nuestros empleados a mejorar sus competencias en un entorno laboral en constante cambio. Las discusiones y recomendaciones del evento nos servir\u00e1n para seguir impulsando la capacitaci\u00f3n en nuestra empresa.<\/p>\n\n\n\n<div class=\"wp-block-jetpack-slideshow aligncenter\" data-effect=\"slide\"><div class=\"wp-block-jetpack-slideshow_container swiper-container\"><ul class=\"wp-block-jetpack-slideshow_swiper-wrapper swiper-wrapper\"><li class=\"wp-block-jetpack-slideshow_slide swiper-slide\"><figure><img loading=\"lazy\" decoding=\"async\" width=\"1024\" height=\"768\" alt=\"\" class=\"wp-block-jetpack-slideshow_image wp-image-763\" data-id=\"763\" src=\"https:\/\/blog.dgformacion.com\/wp-content\/uploads\/2025\/02\/WhatsApp-Image-2025-02-25-at-11.13.25-1-1024x768.jpeg\" srcset=\"https:\/\/blog.dgformacion.com\/wp-content\/uploads\/2025\/02\/WhatsApp-Image-2025-02-25-at-11.13.25-1-1024x768.jpeg 1024w, https:\/\/blog.dgformacion.com\/wp-content\/uploads\/2025\/02\/WhatsApp-Image-2025-02-25-at-11.13.25-1-300x225.jpeg 300w, https:\/\/blog.dgformacion.com\/wp-content\/uploads\/2025\/02\/WhatsApp-Image-2025-02-25-at-11.13.25-1-768x576.jpeg 768w, https:\/\/blog.dgformacion.com\/wp-content\/uploads\/2025\/02\/WhatsApp-Image-2025-02-25-at-11.13.25-1-1536x1152.jpeg 1536w, https:\/\/blog.dgformacion.com\/wp-content\/uploads\/2025\/02\/WhatsApp-Image-2025-02-25-at-11.13.25-1.jpeg 2048w\" sizes=\"(max-width: 1024px) 100vw, 1024px\" \/><\/figure><\/li><li class=\"wp-block-jetpack-slideshow_slide swiper-slide\"><figure><img loading=\"lazy\" decoding=\"async\" width=\"1024\" height=\"768\" alt=\"\" class=\"wp-block-jetpack-slideshow_image wp-image-764\" data-id=\"764\" src=\"https:\/\/blog.dgformacion.com\/wp-content\/uploads\/2025\/02\/WhatsApp-Image-2025-02-25-at-11.13.26-1024x768.jpeg\" srcset=\"https:\/\/blog.dgformacion.com\/wp-content\/uploads\/2025\/02\/WhatsApp-Image-2025-02-25-at-11.13.26-1024x768.jpeg 1024w, https:\/\/blog.dgformacion.com\/wp-content\/uploads\/2025\/02\/WhatsApp-Image-2025-02-25-at-11.13.26-300x225.jpeg 300w, https:\/\/blog.dgformacion.com\/wp-content\/uploads\/2025\/02\/WhatsApp-Image-2025-02-25-at-11.13.26-768x576.jpeg 768w, https:\/\/blog.dgformacion.com\/wp-content\/uploads\/2025\/02\/WhatsApp-Image-2025-02-25-at-11.13.26.jpeg 1069w\" sizes=\"(max-width: 1024px) 100vw, 1024px\" \/><\/figure><\/li><li class=\"wp-block-jetpack-slideshow_slide swiper-slide\"><figure><img loading=\"lazy\" decoding=\"async\" width=\"1024\" height=\"768\" alt=\"\" class=\"wp-block-jetpack-slideshow_image wp-image-765\" data-id=\"765\" src=\"https:\/\/blog.dgformacion.com\/wp-content\/uploads\/2025\/02\/WhatsApp-Image-2025-02-25-at-11.46.32-1024x768.jpeg\" srcset=\"https:\/\/blog.dgformacion.com\/wp-content\/uploads\/2025\/02\/WhatsApp-Image-2025-02-25-at-11.46.32-1024x768.jpeg 1024w, https:\/\/blog.dgformacion.com\/wp-content\/uploads\/2025\/02\/WhatsApp-Image-2025-02-25-at-11.46.32-300x225.jpeg 300w, https:\/\/blog.dgformacion.com\/wp-content\/uploads\/2025\/02\/WhatsApp-Image-2025-02-25-at-11.46.32-768x576.jpeg 768w, https:\/\/blog.dgformacion.com\/wp-content\/uploads\/2025\/02\/WhatsApp-Image-2025-02-25-at-11.46.32-1536x1152.jpeg 1536w, https:\/\/blog.dgformacion.com\/wp-content\/uploads\/2025\/02\/WhatsApp-Image-2025-02-25-at-11.46.32.jpeg 1600w\" sizes=\"(max-width: 1024px) 100vw, 1024px\" \/><\/figure><\/li><li class=\"wp-block-jetpack-slideshow_slide swiper-slide\"><figure><img loading=\"lazy\" decoding=\"async\" width=\"1024\" height=\"768\" alt=\"\" class=\"wp-block-jetpack-slideshow_image wp-image-766\" data-id=\"766\" src=\"https:\/\/blog.dgformacion.com\/wp-content\/uploads\/2025\/02\/WhatsApp-Image-2025-02-25-at-12.47.15-1024x768.jpeg\" srcset=\"https:\/\/blog.dgformacion.com\/wp-content\/uploads\/2025\/02\/WhatsApp-Image-2025-02-25-at-12.47.15-1024x768.jpeg 1024w, https:\/\/blog.dgformacion.com\/wp-content\/uploads\/2025\/02\/WhatsApp-Image-2025-02-25-at-12.47.15-300x225.jpeg 300w, https:\/\/blog.dgformacion.com\/wp-content\/uploads\/2025\/02\/WhatsApp-Image-2025-02-25-at-12.47.15-768x576.jpeg 768w, https:\/\/blog.dgformacion.com\/wp-content\/uploads\/2025\/02\/WhatsApp-Image-2025-02-25-at-12.47.15-1536x1152.jpeg 1536w, https:\/\/blog.dgformacion.com\/wp-content\/uploads\/2025\/02\/WhatsApp-Image-2025-02-25-at-12.47.15.jpeg 1600w\" sizes=\"(max-width: 1024px) 100vw, 1024px\" \/><\/figure><\/li><li class=\"wp-block-jetpack-slideshow_slide swiper-slide\"><figure><img loading=\"lazy\" decoding=\"async\" width=\"1024\" height=\"768\" alt=\"\" class=\"wp-block-jetpack-slideshow_image wp-image-767\" data-id=\"767\" src=\"https:\/\/blog.dgformacion.com\/wp-content\/uploads\/2025\/02\/WhatsApp-Image-2025-02-25-at-13.09.40-1024x768.jpeg\" srcset=\"https:\/\/blog.dgformacion.com\/wp-content\/uploads\/2025\/02\/WhatsApp-Image-2025-02-25-at-13.09.40-1024x768.jpeg 1024w, https:\/\/blog.dgformacion.com\/wp-content\/uploads\/2025\/02\/WhatsApp-Image-2025-02-25-at-13.09.40-300x225.jpeg 300w, https:\/\/blog.dgformacion.com\/wp-content\/uploads\/2025\/02\/WhatsApp-Image-2025-02-25-at-13.09.40-768x576.jpeg 768w, https:\/\/blog.dgformacion.com\/wp-content\/uploads\/2025\/02\/WhatsApp-Image-2025-02-25-at-13.09.40-1536x1152.jpeg 1536w, https:\/\/blog.dgformacion.com\/wp-content\/uploads\/2025\/02\/WhatsApp-Image-2025-02-25-at-13.09.40.jpeg 1600w\" sizes=\"(max-width: 1024px) 100vw, 1024px\" \/><\/figure><\/li><\/ul><a class=\"wp-block-jetpack-slideshow_button-prev swiper-button-prev swiper-button-white\" role=\"button\"><\/a><a class=\"wp-block-jetpack-slideshow_button-next swiper-button-next swiper-button-white\" role=\"button\"><\/a><a aria-label=\"Pause Slideshow\" class=\"wp-block-jetpack-slideshow_button-pause\" role=\"button\"><\/a><div class=\"wp-block-jetpack-slideshow_pagination swiper-pagination swiper-pagination-white\"><\/div><\/div><\/div>\n\n\n\n<p>Maravillosa jornada&#8230; \u00a1hasta pronto!<\/p>\n","protected":false},"excerpt":{"rendered":"<p>DGF particip\u00f3 en la jornada de presentaci\u00f3n del informe organizada por la Fundaci\u00f3n CIFE. Durante el evento, se discuti\u00f3 la situaci\u00f3n actual de la formaci\u00f3n profesional en el pa\u00eds, destacando los avances y los desaf\u00edos persistentes en cuanto a la integraci\u00f3n del sistema educativo con las demandas del mercado laboral. Se puso \u00e9nfasis en la &hellip;<\/p>\n","protected":false},"author":2,"featured_media":768,"comment_status":"closed","ping_status":"open","sticky":false,"template":"","format":"standard","meta":{"footnotes":"","_jetpack_memberships_contains_paid_content":false},"categories":[3],"tags":[97,51,129,53,50,43,52,116,23,33,121,44,114,21,55,117,19,128,130,32,83,115,28,20,22],"jetpack_sharing_enabled":true,"jetpack_featured_media_url":"https:\/\/blog.dgformacion.com\/wp-content\/uploads\/2025\/02\/informeFundCIFE.png","_links":{"self":[{"href":"https:\/\/blog.dgformacion.com\/index.php?rest_route=\/wp\/v2\/posts\/762"}],"collection":[{"href":"https:\/\/blog.dgformacion.com\/index.php?rest_route=\/wp\/v2\/posts"}],"about":[{"href":"https:\/\/blog.dgformacion.com\/index.php?rest_route=\/wp\/v2\/types\/post"}],"author":[{"embeddable":true,"href":"https:\/\/blog.dgformacion.com\/index.php?rest_route=\/wp\/v2\/users\/2"}],"replies":[{"embeddable":true,"href":"https:\/\/blog.dgformacion.com\/index.php?rest_route=%2Fwp%2Fv2%2Fcomments&post=762"}],"version-history":[{"count":1,"href":"https:\/\/blog.dgformacion.com\/index.php?rest_route=\/wp\/v2\/posts\/762\/revisions"}],"predecessor-version":[{"id":769,"href":"https:\/\/blog.dgformacion.com\/index.php?rest_route=\/wp\/v2\/posts\/762\/revisions\/769"}],"wp:featuredmedia":[{"embeddable":true,"href":"https:\/\/blog.dgformacion.com\/index.php?rest_route=\/wp\/v2\/media\/768"}],"wp:attachment":[{"href":"https:\/\/blog.dgformacion.com\/index.php?rest_route=%2Fwp%2Fv2%2Fmedia&parent=762"}],"wp:term":[{"taxonomy":"category","embeddable":true,"href":"https:\/\/blog.dgformacion.com\/index.php?rest_route=%2Fwp%2Fv2%2Fcategories&post=762"},{"taxonomy":"post_tag","embeddable":true,"href":"https:\/\/blog.dgformacion.com\/index.php?rest_route=%2Fwp%2Fv2%2Ftags&post=762"}],"curies":[{"name":"wp","href":"https:\/\/api.w.org\/{rel}","templated":true}]}}