{"id":797,"date":"2025-03-25T13:01:34","date_gmt":"2025-03-25T12:01:34","guid":{"rendered":"https:\/\/blog.dgformacion.com\/?p=797"},"modified":"2025-03-26T09:30:57","modified_gmt":"2025-03-26T08:30:57","slug":"v-jornada-formacion-profesional-en-el-transporte-y-la-movilidad-segura-y-sostenible-de-academia-del-transportista-21-de-marzo-2025","status":"publish","type":"post","link":"https:\/\/blog.dgformacion.com\/?p=797","title":{"rendered":"V Jornada Formaci\u00f3n Profesional en el Transporte y la Movilidad Segura y Sostenible, de Academia del Transportista &#8211; 21 de marzo, 2025"},"content":{"rendered":"\n<p>Asistir a la V Jornada de Formaci\u00f3n Profesional en el Transporte y la Movilidad Segura y Sostenible fue una oportunidad invaluable para DGF, una empresa comprometida con la formaci\u00f3n de calidad. Durante el evento, tuvimos la oportunidad de conocer las \u00faltimas innovaciones y metodolog\u00edas aplicadas a la formaci\u00f3n profesional en el \u00e1mbito del transporte, con un \u00e9nfasis especial en la sostenibilidad y la seguridad. Las mesas de debate ofrecieron una visi\u00f3n profunda de los retos y avances normativos, lo que nos permiti\u00f3 reflexionar sobre c\u00f3mo adaptar nuestras pr\u00e1cticas a las nuevas normativas y tendencias emergentes.<\/p>\n\n\n\n<p>Adem\u00e1s, el intercambio de experiencias con otros actores del sector fue enriquecedor. Pudimos aprender de casos de \u00e9xito, como los de MOVENTIA y ASTIC Digital Academy, lo que nos inspir\u00f3 a mejorar nuestros propios procesos formativos. Esta jornada no solo reforz\u00f3 nuestro compromiso con la movilidad segura y sostenible, sino que tambi\u00e9n nos proporcion\u00f3 herramientas y conocimientos clave para seguir innovando y ofreciendo servicios de calidad en un entorno cada vez m\u00e1s din\u00e1mico y regulado.<\/p>\n\n\n\n<div class=\"wp-block-jetpack-slideshow aligncenter\" data-effect=\"slide\"><div class=\"wp-block-jetpack-slideshow_container swiper-container\"><ul class=\"wp-block-jetpack-slideshow_swiper-wrapper swiper-wrapper\"><li class=\"wp-block-jetpack-slideshow_slide swiper-slide\"><figure><img loading=\"lazy\" decoding=\"async\" width=\"768\" height=\"1024\" alt=\"\" class=\"wp-block-jetpack-slideshow_image wp-image-799\" data-id=\"799\" src=\"https:\/\/blog.dgformacion.com\/wp-content\/uploads\/2025\/03\/WhatsApp-Image-2025-03-21-at-10.49.41-768x1024.jpeg\" srcset=\"https:\/\/blog.dgformacion.com\/wp-content\/uploads\/2025\/03\/WhatsApp-Image-2025-03-21-at-10.49.41-768x1024.jpeg 768w, https:\/\/blog.dgformacion.com\/wp-content\/uploads\/2025\/03\/WhatsApp-Image-2025-03-21-at-10.49.41-225x300.jpeg 225w, https:\/\/blog.dgformacion.com\/wp-content\/uploads\/2025\/03\/WhatsApp-Image-2025-03-21-at-10.49.41-1152x1536.jpeg 1152w, https:\/\/blog.dgformacion.com\/wp-content\/uploads\/2025\/03\/WhatsApp-Image-2025-03-21-at-10.49.41.jpeg 1536w\" sizes=\"(max-width: 768px) 100vw, 768px\" \/><\/figure><\/li><li class=\"wp-block-jetpack-slideshow_slide swiper-slide\"><figure><img loading=\"lazy\" decoding=\"async\" width=\"768\" height=\"1024\" alt=\"\" class=\"wp-block-jetpack-slideshow_image wp-image-800\" data-id=\"800\" src=\"https:\/\/blog.dgformacion.com\/wp-content\/uploads\/2025\/03\/WhatsApp-Image-2025-03-21-at-10.50.10-768x1024.jpeg\" srcset=\"https:\/\/blog.dgformacion.com\/wp-content\/uploads\/2025\/03\/WhatsApp-Image-2025-03-21-at-10.50.10-768x1024.jpeg 768w, https:\/\/blog.dgformacion.com\/wp-content\/uploads\/2025\/03\/WhatsApp-Image-2025-03-21-at-10.50.10-225x300.jpeg 225w, https:\/\/blog.dgformacion.com\/wp-content\/uploads\/2025\/03\/WhatsApp-Image-2025-03-21-at-10.50.10-1152x1536.jpeg 1152w, https:\/\/blog.dgformacion.com\/wp-content\/uploads\/2025\/03\/WhatsApp-Image-2025-03-21-at-10.50.10.jpeg 1536w\" sizes=\"(max-width: 768px) 100vw, 768px\" \/><\/figure><\/li><li class=\"wp-block-jetpack-slideshow_slide swiper-slide\"><figure><img loading=\"lazy\" decoding=\"async\" width=\"768\" height=\"1024\" alt=\"\" class=\"wp-block-jetpack-slideshow_image wp-image-801\" data-id=\"801\" src=\"https:\/\/blog.dgformacion.com\/wp-content\/uploads\/2025\/03\/WhatsApp-Image-2025-03-21-at-10.50.17-768x1024.jpeg\" srcset=\"https:\/\/blog.dgformacion.com\/wp-content\/uploads\/2025\/03\/WhatsApp-Image-2025-03-21-at-10.50.17-768x1024.jpeg 768w, https:\/\/blog.dgformacion.com\/wp-content\/uploads\/2025\/03\/WhatsApp-Image-2025-03-21-at-10.50.17-225x300.jpeg 225w, https:\/\/blog.dgformacion.com\/wp-content\/uploads\/2025\/03\/WhatsApp-Image-2025-03-21-at-10.50.17-1152x1536.jpeg 1152w, https:\/\/blog.dgformacion.com\/wp-content\/uploads\/2025\/03\/WhatsApp-Image-2025-03-21-at-10.50.17.jpeg 1200w\" sizes=\"(max-width: 768px) 100vw, 768px\" \/><\/figure><\/li><\/ul><a class=\"wp-block-jetpack-slideshow_button-prev swiper-button-prev swiper-button-white\" role=\"button\"><\/a><a class=\"wp-block-jetpack-slideshow_button-next swiper-button-next swiper-button-white\" role=\"button\"><\/a><a aria-label=\"Pause Slideshow\" class=\"wp-block-jetpack-slideshow_button-pause\" role=\"button\"><\/a><div class=\"wp-block-jetpack-slideshow_pagination swiper-pagination swiper-pagination-white\"><\/div><\/div><\/div>\n\n\n\n<p>\u00a1Nos vemos el a\u00f1o que viene!<\/p>\n","protected":false},"excerpt":{"rendered":"<p>Asistir a la V Jornada de Formaci\u00f3n Profesional en el Transporte y la Movilidad Segura y Sostenible fue una oportunidad invaluable para DGF, una empresa comprometida con la formaci\u00f3n de calidad. Durante el evento, tuvimos la oportunidad de conocer las \u00faltimas innovaciones y metodolog\u00edas aplicadas a la formaci\u00f3n profesional en el \u00e1mbito del transporte, con &hellip;<\/p>\n","protected":false},"author":2,"featured_media":798,"comment_status":"closed","ping_status":"open","sticky":false,"template":"","format":"standard","meta":{"footnotes":"","_jetpack_memberships_contains_paid_content":false},"categories":[3],"tags":[97,51,129,53,50,43,116,23,33,121,44,114,21,55,117,19,128,32,83,115,28,20,22],"jetpack_sharing_enabled":true,"jetpack_featured_media_url":"https:\/\/blog.dgformacion.com\/wp-content\/uploads\/2025\/03\/trasnportistas_2025.png","_links":{"self":[{"href":"https:\/\/blog.dgformacion.com\/index.php?rest_route=\/wp\/v2\/posts\/797"}],"collection":[{"href":"https:\/\/blog.dgformacion.com\/index.php?rest_route=\/wp\/v2\/posts"}],"about":[{"href":"https:\/\/blog.dgformacion.com\/index.php?rest_route=\/wp\/v2\/types\/post"}],"author":[{"embeddable":true,"href":"https:\/\/blog.dgformacion.com\/index.php?rest_route=\/wp\/v2\/users\/2"}],"replies":[{"embeddable":true,"href":"https:\/\/blog.dgformacion.com\/index.php?rest_route=%2Fwp%2Fv2%2Fcomments&post=797"}],"version-history":[{"count":1,"href":"https:\/\/blog.dgformacion.com\/index.php?rest_route=\/wp\/v2\/posts\/797\/revisions"}],"predecessor-version":[{"id":802,"href":"https:\/\/blog.dgformacion.com\/index.php?rest_route=\/wp\/v2\/posts\/797\/revisions\/802"}],"wp:featuredmedia":[{"embeddable":true,"href":"https:\/\/blog.dgformacion.com\/index.php?rest_route=\/wp\/v2\/media\/798"}],"wp:attachment":[{"href":"https:\/\/blog.dgformacion.com\/index.php?rest_route=%2Fwp%2Fv2%2Fmedia&parent=797"}],"wp:term":[{"taxonomy":"category","embeddable":true,"href":"https:\/\/blog.dgformacion.com\/index.php?rest_route=%2Fwp%2Fv2%2Fcategories&post=797"},{"taxonomy":"post_tag","embeddable":true,"href":"https:\/\/blog.dgformacion.com\/index.php?rest_route=%2Fwp%2Fv2%2Ftags&post=797"}],"curies":[{"name":"wp","href":"https:\/\/api.w.org\/{rel}","templated":true}]}}