{"id":845,"date":"2025-04-09T10:42:21","date_gmt":"2025-04-09T09:42:21","guid":{"rendered":"https:\/\/blog.dgformacion.com\/?p=845"},"modified":"2025-04-09T10:42:22","modified_gmt":"2025-04-09T09:42:22","slug":"presentacion-del-reglamento-de-extranjeria-de-ancypel-y-aeen-8-de-abril-2025","status":"publish","type":"post","link":"https:\/\/blog.dgformacion.com\/?p=845","title":{"rendered":"Presentaci\u00f3n del Reglamento de Extranjer\u00eda, de ANCYPEL y AEEN &#8211; 8 de abril, 2025"},"content":{"rendered":"\n<p>Desde DGF asistimos con gran inter\u00e9s a la presentaci\u00f3n del nuevo Reglamento de Extranjer\u00eda, un evento organizado por ANCYPEL y AEEN en colaboraci\u00f3n con CEF-UDIMA. La jornada reuni\u00f3 a profesionales del \u00e1mbito educativo y jur\u00eddico para analizar en profundidad el Real Decreto 1155\/2024, una normativa clave que impactar\u00e1 directamente en la formaci\u00f3n, la empleabilidad y la integraci\u00f3n de personas extranjeras en Espa\u00f1a.<\/p>\n\n\n\n<figure class=\"wp-block-image size-large\"><img loading=\"lazy\" decoding=\"async\" width=\"1024\" height=\"768\" src=\"https:\/\/blog.dgformacion.com\/wp-content\/uploads\/2025\/04\/WhatsApp-Image-2025-04-08-at-14.12.11-1024x768.jpeg\" alt=\"\" class=\"wp-image-846\" srcset=\"https:\/\/blog.dgformacion.com\/wp-content\/uploads\/2025\/04\/WhatsApp-Image-2025-04-08-at-14.12.11-1024x768.jpeg 1024w, https:\/\/blog.dgformacion.com\/wp-content\/uploads\/2025\/04\/WhatsApp-Image-2025-04-08-at-14.12.11-300x225.jpeg 300w, https:\/\/blog.dgformacion.com\/wp-content\/uploads\/2025\/04\/WhatsApp-Image-2025-04-08-at-14.12.11-768x576.jpeg 768w, https:\/\/blog.dgformacion.com\/wp-content\/uploads\/2025\/04\/WhatsApp-Image-2025-04-08-at-14.12.11-1536x1152.jpeg 1536w, https:\/\/blog.dgformacion.com\/wp-content\/uploads\/2025\/04\/WhatsApp-Image-2025-04-08-at-14.12.11.jpeg 1600w\" sizes=\"(max-width: 1024px) 100vw, 1024px\" \/><\/figure>\n\n\n\n<p>Durante la jornada, destacadas personalidades como Jorge Ru\u00edz, secretario general de AEEN, y Arturo de las Heras, presidente de ANCYPEL y del Grupo Educativo CEF-UDIMA, enfatizaron la importancia de adaptar el sistema educativo a las nuevas normativas en materia de extranjer\u00eda y movilidad internacional. Estas intervenciones subrayan la relevancia de la formaci\u00f3n continua y la actualizaci\u00f3n en el sector educativo. <\/p>\n\n\n\n<figure class=\"wp-block-image size-large\"><img loading=\"lazy\" decoding=\"async\" width=\"1024\" height=\"768\" src=\"https:\/\/blog.dgformacion.com\/wp-content\/uploads\/2025\/04\/WhatsApp-Image-2025-04-08-at-13.00.32-1024x768.jpeg\" alt=\"\" class=\"wp-image-847\" srcset=\"https:\/\/blog.dgformacion.com\/wp-content\/uploads\/2025\/04\/WhatsApp-Image-2025-04-08-at-13.00.32-1024x768.jpeg 1024w, https:\/\/blog.dgformacion.com\/wp-content\/uploads\/2025\/04\/WhatsApp-Image-2025-04-08-at-13.00.32-300x225.jpeg 300w, https:\/\/blog.dgformacion.com\/wp-content\/uploads\/2025\/04\/WhatsApp-Image-2025-04-08-at-13.00.32-768x576.jpeg 768w, https:\/\/blog.dgformacion.com\/wp-content\/uploads\/2025\/04\/WhatsApp-Image-2025-04-08-at-13.00.32-1536x1152.jpeg 1536w, https:\/\/blog.dgformacion.com\/wp-content\/uploads\/2025\/04\/WhatsApp-Image-2025-04-08-at-13.00.32.jpeg 1600w\" sizes=\"(max-width: 1024px) 100vw, 1024px\" \/><\/figure>\n\n\n\n<p>Para DGF, participar en este tipo de eventos es esencial para garantizar que nuestros contenidos formativos est\u00e9n alineados con las \u00faltimas regulaciones y necesidades del mercado. La informaci\u00f3n obtenida nos permitir\u00e1 enriquecer nuestros programas y ofrecer a nuestros clientes formaci\u00f3n actualizada y pertinente en el \u00e1mbito de la extranjer\u00eda y la movilidad internacional.\u200b<\/p>\n\n\n\n<p>\u00a1Hasta la pr\u00f3xima, compa\u00f1er@s!<\/p>\n","protected":false},"excerpt":{"rendered":"<p>Desde DGF asistimos con gran inter\u00e9s a la presentaci\u00f3n del nuevo Reglamento de Extranjer\u00eda, un evento organizado por ANCYPEL y AEEN en colaboraci\u00f3n con CEF-UDIMA. La jornada reuni\u00f3 a profesionales del \u00e1mbito educativo y jur\u00eddico para analizar en profundidad el Real Decreto 1155\/2024, una normativa clave que impactar\u00e1 directamente en la formaci\u00f3n, la empleabilidad y &hellip;<\/p>\n","protected":false},"author":2,"featured_media":848,"comment_status":"closed","ping_status":"open","sticky":false,"template":"","format":"standard","meta":{"footnotes":"","_jetpack_memberships_contains_paid_content":false},"categories":[3],"tags":[97,133,51,53,50,43,116,23,33,132,121,44,114,21,55,117,19,131,32,83,115,28,20,22],"jetpack_sharing_enabled":true,"jetpack_featured_media_url":"https:\/\/blog.dgformacion.com\/wp-content\/uploads\/2025\/04\/reglamento_extranjeria_ancypel_aeen.png","_links":{"self":[{"href":"https:\/\/blog.dgformacion.com\/index.php?rest_route=\/wp\/v2\/posts\/845"}],"collection":[{"href":"https:\/\/blog.dgformacion.com\/index.php?rest_route=\/wp\/v2\/posts"}],"about":[{"href":"https:\/\/blog.dgformacion.com\/index.php?rest_route=\/wp\/v2\/types\/post"}],"author":[{"embeddable":true,"href":"https:\/\/blog.dgformacion.com\/index.php?rest_route=\/wp\/v2\/users\/2"}],"replies":[{"embeddable":true,"href":"https:\/\/blog.dgformacion.com\/index.php?rest_route=%2Fwp%2Fv2%2Fcomments&post=845"}],"version-history":[{"count":1,"href":"https:\/\/blog.dgformacion.com\/index.php?rest_route=\/wp\/v2\/posts\/845\/revisions"}],"predecessor-version":[{"id":849,"href":"https:\/\/blog.dgformacion.com\/index.php?rest_route=\/wp\/v2\/posts\/845\/revisions\/849"}],"wp:featuredmedia":[{"embeddable":true,"href":"https:\/\/blog.dgformacion.com\/index.php?rest_route=\/wp\/v2\/media\/848"}],"wp:attachment":[{"href":"https:\/\/blog.dgformacion.com\/index.php?rest_route=%2Fwp%2Fv2%2Fmedia&parent=845"}],"wp:term":[{"taxonomy":"category","embeddable":true,"href":"https:\/\/blog.dgformacion.com\/index.php?rest_route=%2Fwp%2Fv2%2Fcategories&post=845"},{"taxonomy":"post_tag","embeddable":true,"href":"https:\/\/blog.dgformacion.com\/index.php?rest_route=%2Fwp%2Fv2%2Ftags&post=845"}],"curies":[{"name":"wp","href":"https:\/\/api.w.org\/{rel}","templated":true}]}}