{"id":850,"date":"2025-04-11T09:47:04","date_gmt":"2025-04-11T08:47:04","guid":{"rendered":"https:\/\/blog.dgformacion.com\/?p=850"},"modified":"2025-04-11T10:35:54","modified_gmt":"2025-04-11T09:35:54","slug":"personas-desempleadas-c-foral-de-navarra-2025","status":"publish","type":"post","link":"https:\/\/blog.dgformacion.com\/?p=850","title":{"rendered":"Personas desempleadas, C. Foral de Navarra &#8211; 2025."},"content":{"rendered":"\n<p>RESOLUCI\u00d3N 338E\/2025, de 19 de febrero, de la directora gerente del Servicio Navarro de Empleo-Nafar Lansare, por la que se aprueban las bases reguladoras y la convocatoria para la subvenci\u00f3n en 2025 de acciones formativas dirigidas a personas desempleadas y se autoriza un gasto de 900.000 euros. Identificaci\u00f3n BDNS: 818191.<\/p>\n\n\n\n<figure class=\"wp-block-table\"><table><tbody><tr><td><strong>Convoca:<\/strong><\/td><td>Gobierno Foral de Navarra &#8211; Servicio Navarro de Empleo-Nafar Lansare<\/td><\/tr><tr><td><strong>Fecha de Solicitud:<\/strong><\/td><td>23\/04\/2025<\/td><\/tr><tr><td><strong>Gestiona:<\/strong><\/td><td>Servicio Navarro de Empleo-Nafar Lansare<\/td><\/tr><tr><td><strong>Localizaci\u00f3n de Acciones Subvencionables:<\/strong><\/td><td>Navarra<\/td><\/tr><tr><td><strong>Objeto:<\/strong><\/td><td>Estas bases tienen por objeto regular el procedimiento de concesi\u00f3n de subvenciones para la ejecuci\u00f3n en 2025 de acciones formativas dirigidas a personas desempleadas en el \u00e1mbito de la Comunidad Foral de Navarra.<\/td><\/tr><tr><td><strong>Categor\u00edas:<\/strong><\/td><td>Corporaciones Locales Empleo Formaci\u00f3n Recursos Humanos<\/td><\/tr><tr><td><strong>Beneficiarios:<\/strong><\/td><td>Ayuntamientos\/Municipios Cooperativas y Sociedades Laborales no Agrarias Empresas (m\u00e1s de 250 empleados) Microempresas (menos de 10 empleados) Organismos \/ Entidades P\u00fablicas Pymes (menos de 250 empleados) Sociedades Civiles<\/td><\/tr><tr><td><strong>Beneficiarios detalle:<\/strong><\/td><td>Podr\u00e1n ser beneficiarias de las subvenciones reguladas en estas bases las entidades de formaci\u00f3n p\u00fablicas o privadas, incluidos los Centros Integrados de Formaci\u00f3n Profesional de titularidad&nbsp; privada,&nbsp; inscritas&nbsp; en&nbsp; el &nbsp;correspondiente&nbsp; Registro&nbsp; de Entidades&nbsp; de&nbsp; Formaci\u00f3n&nbsp; para impartir&nbsp; las&nbsp; especialidades&nbsp; formativas&nbsp; objeto&nbsp; de&nbsp; la&nbsp; subvenci\u00f3n,&nbsp; debiendo&nbsp; disponer&nbsp; en&nbsp; la Comunidad Foral de Navarra, con anterioridad a la realizaci\u00f3n de las actividades de divulgaci\u00f3n de&nbsp; la&nbsp; actividad&nbsp; subvencionada,&nbsp; de&nbsp; instalaciones&nbsp; debidamente&nbsp; inscritas&nbsp; que&nbsp; permitan&nbsp; la impartici\u00f3n de las especialidades formativas solicitadas.<\/td><\/tr><tr><td><strong>Localizaci\u00f3n del Beneficiario:<\/strong><\/td><td>Navarra<\/td><\/tr><\/tbody><\/table><\/figure>\n\n\n\n<p>Para m\u00e1s informaci\u00f3n, visital el siguiente enlace:<\/p>\n\n\n\n<div class=\"wp-block-buttons is-content-justification-center is-layout-flex wp-container-core-buttons-layout-1 wp-block-buttons-is-layout-flex\">\n<div class=\"wp-block-button\"><a class=\"wp-block-button__link has-white-color has-text-color has-link-color wp-element-button\" href=\"https:\/\/www.infoayudas.com\/xadmin\/xdocumentos\/xayudas\/125813_3267f4c9a9d6d81_bon-080425-3.pdf\" target=\"_blank\" rel=\"noreferrer noopener\">Ver convocatoria<\/a><\/div>\n<\/div>\n\n\n\n<p><\/p>\n\n\n\n<p class=\"has-text-align-center\" style=\"font-size:24px\">Echa un vistazo a nuestro cat\u00e1logo completo&nbsp;<a href=\"https:\/\/dgformacion.com\/categoria-curso\/contenido-en-formato-digital\/certificados-de-profesionalidad\/\" target=\"_blank\" rel=\"noreferrer noopener\">pinchando aqu\u00ed<\/a>.<\/p>\n\n\n\n<p class=\"has-text-align-center\">Contacta con nosotros a trav\u00e9s del 914 32 02 02, o info@dgformacion.com.<\/p>\n","protected":false},"excerpt":{"rendered":"<p>RESOLUCI\u00d3N 338E\/2025, de 19 de febrero, de la directora gerente del Servicio Navarro de Empleo-Nafar Lansare, por la que se aprueban las bases reguladoras y la convocatoria para la subvenci\u00f3n en 2025 de acciones formativas dirigidas a personas desempleadas y se autoriza un gasto de 900.000 euros. Identificaci\u00f3n BDNS: 818191. Convoca:Gobierno Foral de Navarra &#8211; &hellip;<\/p>\n","protected":false},"author":2,"featured_media":851,"comment_status":"closed","ping_status":"open","sticky":false,"template":"","format":"standard","meta":{"footnotes":"","_jetpack_memberships_contains_paid_content":false},"categories":[4],"tags":[123,91,122,31,64,78,90,19,89,127,126,124,125,118,134,93,66,65,74,119,67,75],"jetpack_sharing_enabled":true,"jetpack_featured_media_url":"https:\/\/blog.dgformacion.com\/wp-content\/uploads\/2025\/04\/navarra_desempleados_2025.png","_links":{"self":[{"href":"https:\/\/blog.dgformacion.com\/index.php?rest_route=\/wp\/v2\/posts\/850"}],"collection":[{"href":"https:\/\/blog.dgformacion.com\/index.php?rest_route=\/wp\/v2\/posts"}],"about":[{"href":"https:\/\/blog.dgformacion.com\/index.php?rest_route=\/wp\/v2\/types\/post"}],"author":[{"embeddable":true,"href":"https:\/\/blog.dgformacion.com\/index.php?rest_route=\/wp\/v2\/users\/2"}],"replies":[{"embeddable":true,"href":"https:\/\/blog.dgformacion.com\/index.php?rest_route=%2Fwp%2Fv2%2Fcomments&post=850"}],"version-history":[{"count":1,"href":"https:\/\/blog.dgformacion.com\/index.php?rest_route=\/wp\/v2\/posts\/850\/revisions"}],"predecessor-version":[{"id":852,"href":"https:\/\/blog.dgformacion.com\/index.php?rest_route=\/wp\/v2\/posts\/850\/revisions\/852"}],"wp:featuredmedia":[{"embeddable":true,"href":"https:\/\/blog.dgformacion.com\/index.php?rest_route=\/wp\/v2\/media\/851"}],"wp:attachment":[{"href":"https:\/\/blog.dgformacion.com\/index.php?rest_route=%2Fwp%2Fv2%2Fmedia&parent=850"}],"wp:term":[{"taxonomy":"category","embeddable":true,"href":"https:\/\/blog.dgformacion.com\/index.php?rest_route=%2Fwp%2Fv2%2Fcategories&post=850"},{"taxonomy":"post_tag","embeddable":true,"href":"https:\/\/blog.dgformacion.com\/index.php?rest_route=%2Fwp%2Fv2%2Ftags&post=850"}],"curies":[{"name":"wp","href":"https:\/\/api.w.org\/{rel}","templated":true}]}}