{"id":877,"date":"2025-04-30T10:30:11","date_gmt":"2025-04-30T09:30:11","guid":{"rendered":"https:\/\/blog.dgformacion.com\/?p=877"},"modified":"2025-04-30T10:30:12","modified_gmt":"2025-04-30T09:30:12","slug":"activacion-profesional-c-de-madrid-2025","status":"publish","type":"post","link":"https:\/\/blog.dgformacion.com\/?p=877","title":{"rendered":"Activaci\u00f3n profesional, C. de Madrid &#8211; 2025."},"content":{"rendered":"\n<p>Se convocan subvenciones destinadas al desarrollo de acciones formativas destinadas a la activaci\u00f3n profesional en la Comunidad de Madrid.<\/p>\n\n\n\n<p>Su finalidad es la mejora de la ocupabilidad y el refuerzo de las competencias profesionales de los participantes cualificado en la ocupaci\u00f3n, mediante la realizaci\u00f3n de un per\u00edodo de pr\u00e1ctica profesional, a trav\u00e9s de la suscripci\u00f3n de un contrato de trabajo con la entidad beneficiaria de la subvenci\u00f3n.<\/p>\n\n\n\n<p>Tambi\u00e9n se promover\u00e1 la inserci\u00f3n del participante en el mercado de trabajo, por medio de la orientaci\u00f3n para la b\u00fasqueda activa de empleo y, en su caso, para el desarrollo de una iniciativa emprendedora.<\/p>\n\n\n\n<figure class=\"wp-block-table\"><table><tbody><tr><td>Dirigido a:<\/td><td>Podr\u00e1n acogerse a las ayudas de este programa las entidades locales de la Comunidad de Madrid, as\u00ed como sus organismos aut\u00f3nomos y entidades con competencias en materia de pol\u00edticas activas de empleo, desarrollo local y de promoci\u00f3n de la ocupaci\u00f3n, dependientes o asimiladas a aqu\u00e9llas, cuya titularidad corresponda \u00edntegramente a dichas entidades locales.<\/td><\/tr><tr><td>Presupuesto final<\/td><td>&nbsp;31.000.000,00 \u20ac<\/td><\/tr><tr><td>Plazo de m\u00e1ximo de Solicitud<\/td><td>15 d\u00edas h\u00e1biles a contar a partir del 21 de abril<\/td><\/tr><tr><td>Modalidad<\/td><td>Presencial, teleformaci\u00f3n, mixta.<br><br>Excepcionalmente y previa solicitud motivada del beneficiario y autorizaci\u00f3n por la direcci\u00f3n general de la Comunidad de Madrid competente en materia de empleo, podr\u00e1 impartirse la formaci\u00f3n de los programas p\u00fablicos de empleo- formaci\u00f3n en la modalidad presencial de aula virtual.<\/td><\/tr><tr><td>Colecci\u00f3n<\/td><td>Certificados de Profesionalidad \u2013 Especialidades Formativas \u2013 M\u00f3dulos Transversales.<\/td><\/tr><\/tbody><\/table><\/figure>\n\n\n\n<p>Para m\u00e1s informaci\u00f3n, visital el siguiente enlace:<\/p>\n\n\n\n<div class=\"wp-block-buttons is-content-justification-center is-layout-flex wp-container-core-buttons-layout-1 wp-block-buttons-is-layout-flex\">\n<div class=\"wp-block-button\"><a class=\"wp-block-button__link has-white-color has-text-color has-link-color wp-element-button\" href=\"https:\/\/www.infosubvenciones.es\/bdnstrans\/GE\/es\/convocatorias\/826835\" target=\"_blank\" rel=\"noreferrer noopener\">Ver convocatoria<\/a><\/div>\n<\/div>\n\n\n\n<p><\/p>\n\n\n\n<p class=\"has-text-align-center\" style=\"font-size:24px\">Echa un vistazo a nuestro cat\u00e1logo completo&nbsp;<a href=\"https:\/\/dgformacion.com\/categoria-curso\/contenido-en-formato-digital\/certificados-de-profesionalidad\/\" target=\"_blank\" rel=\"noreferrer noopener\">pinchando aqu\u00ed<\/a>.<\/p>\n\n\n\n<p class=\"has-text-align-center\">Contacta con nosotros a trav\u00e9s del 914 32 02 02, o info@dgformacion.com.<\/p>\n","protected":false},"excerpt":{"rendered":"<p>Se convocan subvenciones destinadas al desarrollo de acciones formativas destinadas a la activaci\u00f3n profesional en la Comunidad de Madrid. Su finalidad es la mejora de la ocupabilidad y el refuerzo de las competencias profesionales de los participantes cualificado en la ocupaci\u00f3n, mediante la realizaci\u00f3n de un per\u00edodo de pr\u00e1ctica profesional, a trav\u00e9s de la suscripci\u00f3n &hellip;<\/p>\n","protected":false},"author":2,"featured_media":880,"comment_status":"closed","ping_status":"open","sticky":false,"template":"","format":"standard","meta":{"footnotes":"","_jetpack_memberships_contains_paid_content":false},"categories":[4],"tags":[123,91,122,31,64,78,90,19,89,127,126,124,125,83,118,134,93,66,65,74,119,67,75],"jetpack_sharing_enabled":true,"jetpack_featured_media_url":"https:\/\/blog.dgformacion.com\/wp-content\/uploads\/2025\/04\/madrid2025_activProf.png","_links":{"self":[{"href":"https:\/\/blog.dgformacion.com\/index.php?rest_route=\/wp\/v2\/posts\/877"}],"collection":[{"href":"https:\/\/blog.dgformacion.com\/index.php?rest_route=\/wp\/v2\/posts"}],"about":[{"href":"https:\/\/blog.dgformacion.com\/index.php?rest_route=\/wp\/v2\/types\/post"}],"author":[{"embeddable":true,"href":"https:\/\/blog.dgformacion.com\/index.php?rest_route=\/wp\/v2\/users\/2"}],"replies":[{"embeddable":true,"href":"https:\/\/blog.dgformacion.com\/index.php?rest_route=%2Fwp%2Fv2%2Fcomments&post=877"}],"version-history":[{"count":3,"href":"https:\/\/blog.dgformacion.com\/index.php?rest_route=\/wp\/v2\/posts\/877\/revisions"}],"predecessor-version":[{"id":881,"href":"https:\/\/blog.dgformacion.com\/index.php?rest_route=\/wp\/v2\/posts\/877\/revisions\/881"}],"wp:featuredmedia":[{"embeddable":true,"href":"https:\/\/blog.dgformacion.com\/index.php?rest_route=\/wp\/v2\/media\/880"}],"wp:attachment":[{"href":"https:\/\/blog.dgformacion.com\/index.php?rest_route=%2Fwp%2Fv2%2Fmedia&parent=877"}],"wp:term":[{"taxonomy":"category","embeddable":true,"href":"https:\/\/blog.dgformacion.com\/index.php?rest_route=%2Fwp%2Fv2%2Fcategories&post=877"},{"taxonomy":"post_tag","embeddable":true,"href":"https:\/\/blog.dgformacion.com\/index.php?rest_route=%2Fwp%2Fv2%2Ftags&post=877"}],"curies":[{"name":"wp","href":"https:\/\/api.w.org\/{rel}","templated":true}]}}