{"id":882,"date":"2025-05-05T11:31:23","date_gmt":"2025-05-05T10:31:23","guid":{"rendered":"https:\/\/blog.dgformacion.com\/?p=882"},"modified":"2025-05-05T11:31:24","modified_gmt":"2025-05-05T10:31:24","slug":"cualificacion-profesional-c-de-madrid-2025","status":"publish","type":"post","link":"https:\/\/blog.dgformacion.com\/?p=882","title":{"rendered":"Cualificaci\u00f3n profesional, C. de Madrid &#8211; 2025."},"content":{"rendered":"\n<p>La Consejer\u00eda de Econom\u00eda, Hacienda y Empleo de Madrid lanza una convocatoria de ayudas destinadas a mejorar la empleabilidad y la formaci\u00f3n profesional de los participantes, mediante un periodo de aprendizaje llevado a cabo con la entidad que reciba la subvenci\u00f3n.<\/p>\n\n\n\n<figure class=\"wp-block-table\"><table><tbody><tr><td>Dirigido a:<\/td><td>Podr\u00e1n acogerse a las ayudas de este programa las entidades locales de la Comunidad de Madrid, as\u00ed como sus organismos aut\u00f3nomos y entidades con competencias en materia de pol\u00edticas activas de empleo, desarrollo local y de promoci\u00f3n de la ocupaci\u00f3n, dependientes o asimiladas a aquellas, cuya titularidad, corresponda \u00edntegramente a dichas entidades locales.<\/td><\/tr><tr><td>Presupuesto final<\/td><td>11.000.000,00 \u20ac<\/td><\/tr><tr><td>Plazo de m\u00e1ximo de Solicitud<\/td><td>15 d\u00edas h\u00e1biles, a contar desde el d\u00eda 5 de mayo de 2025<\/td><\/tr><tr><td>Modalidad<\/td><td>Presencial, Teleformaci\u00f3n, Mixta \u2013<br>Excepcionalmente y previa solicitud motivada del beneficiario y autorizaci\u00f3n por la direcci\u00f3n general de la Comunidad de Madrid competente en materia de empleo, podr\u00e1 impartirse la formaci\u00f3n de los programas p\u00fablicos de empleo-formaci\u00f3n en la modalidad presencial de&nbsp;<strong>aula virtual<\/strong>.<\/td><\/tr><tr><td>Colecci\u00f3n<\/td><td>Certificados de Profesionalidad \u2013 Especialidades Formativas \u2013 M\u00f3dulos transversales<\/td><\/tr><\/tbody><\/table><\/figure>\n\n\n\n<p>Para m\u00e1s informaci\u00f3n, visital el siguiente enlace:<\/p>\n\n\n\n<div class=\"wp-block-buttons is-content-justification-center is-layout-flex wp-container-core-buttons-layout-1 wp-block-buttons-is-layout-flex\">\n<div class=\"wp-block-button\"><a class=\"wp-block-button__link has-white-color has-text-color has-link-color wp-element-button\" href=\"https:\/\/www.infosubvenciones.es\/bdnstrans\/GE\/es\/convocatorias\/826837\" target=\"_blank\" rel=\"noreferrer noopener\">Ver convocatoria<\/a><\/div>\n<\/div>\n\n\n\n<p><\/p>\n\n\n\n<p class=\"has-text-align-center\" style=\"font-size:24px\">Echa un vistazo a nuestro cat\u00e1logo completo&nbsp;<a href=\"https:\/\/dgformacion.com\/categoria-curso\/contenido-en-formato-digital\/certificados-de-profesionalidad\/\" target=\"_blank\" rel=\"noreferrer noopener\">pinchando aqu\u00ed<\/a>.<\/p>\n\n\n\n<p class=\"has-text-align-center\">Contacta con nosotros a trav\u00e9s del 914 32 02 02, o info@dgformacion.com.<\/p>\n","protected":false},"excerpt":{"rendered":"<p>La Consejer\u00eda de Econom\u00eda, Hacienda y Empleo de Madrid lanza una convocatoria de ayudas destinadas a mejorar la empleabilidad y la formaci\u00f3n profesional de los participantes, mediante un periodo de aprendizaje llevado a cabo con la entidad que reciba la subvenci\u00f3n. Dirigido a:Podr\u00e1n acogerse a las ayudas de este programa las entidades locales de la &hellip;<\/p>\n","protected":false},"author":2,"featured_media":883,"comment_status":"closed","ping_status":"open","sticky":false,"template":"","format":"standard","meta":{"footnotes":"","_jetpack_memberships_contains_paid_content":false},"categories":[4],"tags":[123,91,122,31,64,78,90,19,89,127,126,124,125,83,118,134,93,66,65,74,119,67,75],"jetpack_sharing_enabled":true,"jetpack_featured_media_url":"https:\/\/blog.dgformacion.com\/wp-content\/uploads\/2025\/05\/madrid_cualifProf25.png","_links":{"self":[{"href":"https:\/\/blog.dgformacion.com\/index.php?rest_route=\/wp\/v2\/posts\/882"}],"collection":[{"href":"https:\/\/blog.dgformacion.com\/index.php?rest_route=\/wp\/v2\/posts"}],"about":[{"href":"https:\/\/blog.dgformacion.com\/index.php?rest_route=\/wp\/v2\/types\/post"}],"author":[{"embeddable":true,"href":"https:\/\/blog.dgformacion.com\/index.php?rest_route=\/wp\/v2\/users\/2"}],"replies":[{"embeddable":true,"href":"https:\/\/blog.dgformacion.com\/index.php?rest_route=%2Fwp%2Fv2%2Fcomments&post=882"}],"version-history":[{"count":1,"href":"https:\/\/blog.dgformacion.com\/index.php?rest_route=\/wp\/v2\/posts\/882\/revisions"}],"predecessor-version":[{"id":884,"href":"https:\/\/blog.dgformacion.com\/index.php?rest_route=\/wp\/v2\/posts\/882\/revisions\/884"}],"wp:featuredmedia":[{"embeddable":true,"href":"https:\/\/blog.dgformacion.com\/index.php?rest_route=\/wp\/v2\/media\/883"}],"wp:attachment":[{"href":"https:\/\/blog.dgformacion.com\/index.php?rest_route=%2Fwp%2Fv2%2Fmedia&parent=882"}],"wp:term":[{"taxonomy":"category","embeddable":true,"href":"https:\/\/blog.dgformacion.com\/index.php?rest_route=%2Fwp%2Fv2%2Fcategories&post=882"},{"taxonomy":"post_tag","embeddable":true,"href":"https:\/\/blog.dgformacion.com\/index.php?rest_route=%2Fwp%2Fv2%2Ftags&post=882"}],"curies":[{"name":"wp","href":"https:\/\/api.w.org\/{rel}","templated":true}]}}