{"id":892,"date":"2025-05-08T08:35:31","date_gmt":"2025-05-08T07:35:31","guid":{"rendered":"https:\/\/blog.dgformacion.com\/?p=892"},"modified":"2025-05-08T08:35:31","modified_gmt":"2025-05-08T07:35:31","slug":"ocupados-conducentes-a-c-p-c-valenciana-2025","status":"publish","type":"post","link":"https:\/\/blog.dgformacion.com\/?p=892","title":{"rendered":"Ocupados conducentes a C.P., C. Valenciana &#8211; 2025."},"content":{"rendered":"\n<p>Labora, el Servicio Valenciano de Empleo y Formaci\u00f3n ha anunciado la convocatoria para la concesi\u00f3n de subvenciones para la realizaci\u00f3n de acciones formativas,\u00a0<strong>conducentes a certificados profesionales<\/strong>, y dirigidas prioritariamente a personas ocupadas para el ejercicio 2025.<\/p>\n\n\n\n<figure class=\"wp-block-table\"><table><tbody><tr><td>Dirigido a:<\/td><td>Entidades y centros, autorizados o inscritos, para impartir las ofertas de formaci\u00f3n profesional objeto de la formaci\u00f3n, en modalidad presencial, virtual o semipresencial, con presencia en el \u00e1mbito territorial de la Comunidad Valenciana.<br><br>Deber\u00e1n disponer en dicho \u00e1mbito territorial de instalaciones, debidamente autorizadas o inscritas, para las acciones formativas impartidas en modalidad presencial o para la realizaci\u00f3n de las sesiones de formaci\u00f3n presencial y\/o pruebas de evaluaci\u00f3n final presenciales en el caso de acciones formativas impartidas en modalidad virtual o semipresencial.<\/td><\/tr><tr><td>Presupuesto final<\/td><td>12.920.000,00 \u20ac<\/td><\/tr><tr><td>Plazo de m\u00e1ximo de Solicitud<\/td><td>Tienes hasta el 23 de mayo de 2025 para solicitar estas ayudas<\/td><\/tr><tr><td>Modalidad<\/td><td>Las acciones formativas se podr\u00e1n impartir en modalidad&nbsp;<strong>presencial<\/strong>,&nbsp;<strong>virtual&nbsp;<\/strong>y&nbsp;<strong>semipresencial<\/strong>.<br><br>En la modalidad de impartici\u00f3n presencial y semipresencial se podr\u00e1 utilizar el&nbsp;<strong>aula virtual<\/strong>&nbsp;como medio complementario y adicional para desarrollar el proceso formativo, por causas motivadas, previa solicitud que deber\u00e1 ser comunicada al Servicio de Gesti\u00f3n de Programas de Formaci\u00f3n para el empleo.<\/td><\/tr><tr><td>Colecci\u00f3n<\/td><td>Certificados Profesionales Grados C \u2013 Certificados de Profesionalidad.<\/td><\/tr><\/tbody><\/table><\/figure>\n\n\n\n<p>Para m\u00e1s informaci\u00f3n, visital el siguiente enlace:<\/p>\n\n\n\n<div class=\"wp-block-buttons is-content-justification-center is-layout-flex wp-container-core-buttons-layout-1 wp-block-buttons-is-layout-flex\">\n<div class=\"wp-block-button\"><a class=\"wp-block-button__link has-white-color has-text-color has-link-color wp-element-button\" href=\"https:\/\/www.infosubvenciones.es\/bdnstrans\/GE\/es\/convocatorias\/828753\" target=\"_blank\" rel=\"noreferrer noopener\">Ver convocatoria<\/a><\/div>\n<\/div>\n\n\n\n<p><\/p>\n\n\n\n<p class=\"has-text-align-center\" style=\"font-size:24px\">Echa un vistazo a nuestro cat\u00e1logo completo&nbsp;<a href=\"https:\/\/dgformacion.com\/categoria-curso\/contenido-en-formato-digital\/certificados-de-profesionalidad\/\" target=\"_blank\" rel=\"noreferrer noopener\">pinchando aqu\u00ed<\/a>.<\/p>\n\n\n\n<p class=\"has-text-align-center\">Contacta con nosotros a trav\u00e9s del 914 32 02 02, o info@dgformacion.com.<\/p>\n","protected":false},"excerpt":{"rendered":"<p>Labora, el Servicio Valenciano de Empleo y Formaci\u00f3n ha anunciado la convocatoria para la concesi\u00f3n de subvenciones para la realizaci\u00f3n de acciones formativas,\u00a0conducentes a certificados profesionales, y dirigidas prioritariamente a personas ocupadas para el ejercicio 2025. Dirigido a:Entidades y centros, autorizados o inscritos, para impartir las ofertas de formaci\u00f3n profesional objeto de la formaci\u00f3n, en &hellip;<\/p>\n","protected":false},"author":2,"featured_media":897,"comment_status":"closed","ping_status":"open","sticky":false,"template":"","format":"standard","meta":{"footnotes":"","_jetpack_memberships_contains_paid_content":false},"categories":[4],"tags":[123,91,9,104,122,31,64,78,90,19,89,127,126,124,125,118,93,66,65,74,119,67,75,141],"jetpack_sharing_enabled":true,"jetpack_featured_media_url":"https:\/\/blog.dgformacion.com\/wp-content\/uploads\/2025\/05\/ocupCond_valencia.png","_links":{"self":[{"href":"https:\/\/blog.dgformacion.com\/index.php?rest_route=\/wp\/v2\/posts\/892"}],"collection":[{"href":"https:\/\/blog.dgformacion.com\/index.php?rest_route=\/wp\/v2\/posts"}],"about":[{"href":"https:\/\/blog.dgformacion.com\/index.php?rest_route=\/wp\/v2\/types\/post"}],"author":[{"embeddable":true,"href":"https:\/\/blog.dgformacion.com\/index.php?rest_route=\/wp\/v2\/users\/2"}],"replies":[{"embeddable":true,"href":"https:\/\/blog.dgformacion.com\/index.php?rest_route=%2Fwp%2Fv2%2Fcomments&post=892"}],"version-history":[{"count":2,"href":"https:\/\/blog.dgformacion.com\/index.php?rest_route=\/wp\/v2\/posts\/892\/revisions"}],"predecessor-version":[{"id":899,"href":"https:\/\/blog.dgformacion.com\/index.php?rest_route=\/wp\/v2\/posts\/892\/revisions\/899"}],"wp:featuredmedia":[{"embeddable":true,"href":"https:\/\/blog.dgformacion.com\/index.php?rest_route=\/wp\/v2\/media\/897"}],"wp:attachment":[{"href":"https:\/\/blog.dgformacion.com\/index.php?rest_route=%2Fwp%2Fv2%2Fmedia&parent=892"}],"wp:term":[{"taxonomy":"category","embeddable":true,"href":"https:\/\/blog.dgformacion.com\/index.php?rest_route=%2Fwp%2Fv2%2Fcategories&post=892"},{"taxonomy":"post_tag","embeddable":true,"href":"https:\/\/blog.dgformacion.com\/index.php?rest_route=%2Fwp%2Fv2%2Ftags&post=892"}],"curies":[{"name":"wp","href":"https:\/\/api.w.org\/{rel}","templated":true}]}}