{"id":918,"date":"2025-05-20T11:19:51","date_gmt":"2025-05-20T10:19:51","guid":{"rendered":"https:\/\/blog.dgformacion.com\/?p=918"},"modified":"2025-05-20T11:19:51","modified_gmt":"2025-05-20T10:19:51","slug":"personas-desempleadas-c-a-de-melilla-2025","status":"publish","type":"post","link":"https:\/\/blog.dgformacion.com\/?p=918","title":{"rendered":"Personas desempleadas, C.A. de Melilla &#8211; 2025."},"content":{"rendered":"\n<p>Se aprueba la convocatoria, por el procedimiento de tr\u00e1mite anticipado, en r\u00e9gimen de concurrencia competitiva, para la concesi\u00f3n de subvenciones p\u00fablicas en el marco del sistema de formaci\u00f3n profesional para el empleo en el \u00e1mbito laboral dirigidas prioritariamente a las personas trabajadoras desempleadas y Convocatoria de 2025.<\/p>\n\n\n\n<figure class=\"wp-block-table\"><table><tbody><tr><td>Dirigido a:<\/td><td>Podr\u00e1n ser beneficiarias de las subvenciones, las Entidades de Formaci\u00f3n p\u00fablicas o privadas que, en la fecha de presentaci\u00f3n de su solicitud, est\u00e9n inscritas en el correspondiente Registro de Entidades de Formaci\u00f3n.<br><br>Las Entidades de Formaci\u00f3n deber\u00e1n contar con presencia en el \u00e1mbito territorial de la Ciudad de Melilla, debiendo disponer en dicho \u00e1mbito de las instalaciones debidamente inscritas que permitan la impartici\u00f3n de las especialidades formativas solicitadas.<\/td><\/tr><tr><td>Presupuesto final<\/td><td>1.920.000,00 \u20ac<\/td><\/tr><tr><td>Plazo de m\u00e1ximo de Solicitud<\/td><td><strong>15 d\u00edas h\u00e1biles<\/strong>, a contar desde el <strong>20 de mayo de 2025<\/strong>.<\/td><\/tr><\/tbody><\/table><\/figure>\n\n\n\n<p>Para m\u00e1s informaci\u00f3n, visital el siguiente enlace:<\/p>\n\n\n\n<div class=\"wp-block-buttons is-content-justification-center is-layout-flex wp-container-core-buttons-layout-1 wp-block-buttons-is-layout-flex\">\n<div class=\"wp-block-button\"><a class=\"wp-block-button__link has-white-color has-text-color has-link-color wp-element-button\" href=\"https:\/\/www.sepe.es\/HomeSepe\/que-es-el-sepe\/comunicacion-institucional\/noticias\/detalle-noticia?folder=\/SEPE\/2025\/Mayo\/&amp;detail=subvenciones-formacion-profesional-empleo-melilla-2025\" target=\"_blank\" rel=\"noreferrer noopener\">Ver convocatoria<\/a><\/div>\n<\/div>\n\n\n\n<p><\/p>\n\n\n\n<p class=\"has-text-align-center\" style=\"font-size:24px\">Echa un vistazo a nuestro cat\u00e1logo completo&nbsp;<a href=\"https:\/\/dgformacion.com\/categoria-curso\/contenido-en-formato-digital\/certificados-de-profesionalidad\/\" target=\"_blank\" rel=\"noreferrer noopener\">pinchando aqu\u00ed<\/a>.<\/p>\n\n\n\n<p class=\"has-text-align-center\">Contacta con nosotros a trav\u00e9s del 914 32 02 02, o info@dgformacion.com.<\/p>\n","protected":false},"excerpt":{"rendered":"<p>Se aprueba la convocatoria, por el procedimiento de tr\u00e1mite anticipado, en r\u00e9gimen de concurrencia competitiva, para la concesi\u00f3n de subvenciones p\u00fablicas en el marco del sistema de formaci\u00f3n profesional para el empleo en el \u00e1mbito laboral dirigidas prioritariamente a las personas trabajadoras desempleadas y Convocatoria de 2025. Dirigido a:Podr\u00e1n ser beneficiarias de las subvenciones, las &hellip;<\/p>\n","protected":false},"author":2,"featured_media":921,"comment_status":"closed","ping_status":"open","sticky":false,"template":"","format":"standard","meta":{"footnotes":"","_jetpack_memberships_contains_paid_content":false},"categories":[4],"tags":[123,91,104,122,31,64,78,90,19,89,127,126,124,125,143,118,93,66,65,74,119,67,75],"jetpack_sharing_enabled":true,"jetpack_featured_media_url":"https:\/\/blog.dgformacion.com\/wp-content\/uploads\/2025\/05\/melilla_desemp25.png","_links":{"self":[{"href":"https:\/\/blog.dgformacion.com\/index.php?rest_route=\/wp\/v2\/posts\/918"}],"collection":[{"href":"https:\/\/blog.dgformacion.com\/index.php?rest_route=\/wp\/v2\/posts"}],"about":[{"href":"https:\/\/blog.dgformacion.com\/index.php?rest_route=\/wp\/v2\/types\/post"}],"author":[{"embeddable":true,"href":"https:\/\/blog.dgformacion.com\/index.php?rest_route=\/wp\/v2\/users\/2"}],"replies":[{"embeddable":true,"href":"https:\/\/blog.dgformacion.com\/index.php?rest_route=%2Fwp%2Fv2%2Fcomments&post=918"}],"version-history":[{"count":3,"href":"https:\/\/blog.dgformacion.com\/index.php?rest_route=\/wp\/v2\/posts\/918\/revisions"}],"predecessor-version":[{"id":922,"href":"https:\/\/blog.dgformacion.com\/index.php?rest_route=\/wp\/v2\/posts\/918\/revisions\/922"}],"wp:featuredmedia":[{"embeddable":true,"href":"https:\/\/blog.dgformacion.com\/index.php?rest_route=\/wp\/v2\/media\/921"}],"wp:attachment":[{"href":"https:\/\/blog.dgformacion.com\/index.php?rest_route=%2Fwp%2Fv2%2Fmedia&parent=918"}],"wp:term":[{"taxonomy":"category","embeddable":true,"href":"https:\/\/blog.dgformacion.com\/index.php?rest_route=%2Fwp%2Fv2%2Fcategories&post=918"},{"taxonomy":"post_tag","embeddable":true,"href":"https:\/\/blog.dgformacion.com\/index.php?rest_route=%2Fwp%2Fv2%2Ftags&post=918"}],"curies":[{"name":"wp","href":"https:\/\/api.w.org\/{rel}","templated":true}]}}