{"id":923,"date":"2025-05-20T11:23:03","date_gmt":"2025-05-20T10:23:03","guid":{"rendered":"https:\/\/blog.dgformacion.com\/?p=923"},"modified":"2025-07-11T12:47:46","modified_gmt":"2025-07-11T11:47:46","slug":"ocupaciones-con-competencias-profesionales-emergentes-c-de-madrid-2025","status":"publish","type":"post","link":"https:\/\/blog.dgformacion.com\/?p=923","title":{"rendered":"Ocupaciones con Competencias Profesionales Emergentes, C. de Madrid &#8211; 2025."},"content":{"rendered":"\n<p>La Consejer\u00eda de Econom\u00eda, Hacienda y Empleo ha convocado las subvenciones destinadas a la realizaci\u00f3n de programas de formaci\u00f3n para la Cualificaci\u00f3n Profesional en ocupaciones con competencias profesionales emergentes.<\/p>\n\n\n\n<p class=\"has-text-align-center\"><strong>DESTINATARIOS<br><\/strong>Podr\u00e1n beneficiarse de estas ayudas los ayuntamientos y dem\u00e1s entidades locales de la Comunidad de Madrid, junto con sus organismos aut\u00f3nomos y entidades vinculadas o dependientes que desarrollen funciones relacionadas con el empleo, el desarrollo econ\u00f3mico local o la promoci\u00f3n de la inserci\u00f3n laboral, siempre que est\u00e9n \u00edntegramente gestionadas por dichas administraciones locales.<\/p>\n\n\n\n<p class=\"has-text-align-center\"><strong>PRESUPUESTO TOTAL DISPONIBLE<br><\/strong>6.000.000,00 \u20ac<\/p>\n\n\n\n<p class=\"has-text-align-center\"><strong>PLAZO DE LA SOLICITUD<br><\/strong>15 d\u00edas h\u00e1biles desde el 19\/05\/2025.<\/p>\n\n\n\n<p class=\"has-text-align-center\"><strong>MODALIDAD DE IMPARTICI\u00d3N<\/strong><br>Presencial, teleformaci\u00f3n, o mixta.<br>De forma excepcional, y siempre que se justifique adecuadamente por parte de la entidad beneficiaria y se obtenga la autorizaci\u00f3n de la direcci\u00f3n general competente en materia de empleo de la Comunidad de Madrid, podr\u00e1 permitirse que la formaci\u00f3n de los programas p\u00fablicos de empleo-formaci\u00f3n se realice mediante aula virtual, dentro del enfoque presencial.<\/p>\n\n\n\n<p class=\"has-text-align-center\"><strong>CATEGOR\u00cdA<br><\/strong>Certificados de Profesionalidad \u2013 Especialidades Formativas \u2013 M\u00f3dulos Transversales.<\/p>\n\n\n\n<p>Para m\u00e1s informaci\u00f3n, visital el siguiente enlace:<\/p>\n\n\n\n<div class=\"wp-block-buttons is-content-justification-center is-layout-flex wp-container-core-buttons-layout-1 wp-block-buttons-is-layout-flex\">\n<div class=\"wp-block-button\"><a class=\"wp-block-button__link has-white-color has-text-color has-link-color wp-element-button\" href=\"https:\/\/www.infosubvenciones.es\/bdnstrans\/GE\/es\/convocatorias\/826839\" target=\"_blank\" rel=\"noreferrer noopener\">Ver convocatoria<\/a><\/div>\n<\/div>\n\n\n\n<p><\/p>\n\n\n\n<p class=\"has-text-align-center\" style=\"font-size:24px\">Echa un vistazo a nuestro cat\u00e1logo completo&nbsp;<a href=\"https:\/\/dgformacion.com\/categoria-curso\/contenido-en-formato-digital\/certificados-de-profesionalidad\/\" target=\"_blank\" rel=\"noreferrer noopener\">pinchando aqu\u00ed<\/a>.<\/p>\n\n\n\n<p class=\"has-text-align-center\">Contacta con nosotros a trav\u00e9s del 914 32 02 02, o info@dgformacion.com.<\/p>\n","protected":false},"excerpt":{"rendered":"<p>La Consejer\u00eda de Econom\u00eda, Hacienda y Empleo ha convocado las subvenciones destinadas a la realizaci\u00f3n de programas de formaci\u00f3n para la Cualificaci\u00f3n Profesional en ocupaciones con competencias profesionales emergentes. DESTINATARIOSPodr\u00e1n beneficiarse de estas ayudas los ayuntamientos y dem\u00e1s entidades locales de la Comunidad de Madrid, junto con sus organismos aut\u00f3nomos y entidades vinculadas o dependientes &hellip;<\/p>\n","protected":false},"author":2,"featured_media":924,"comment_status":"closed","ping_status":"open","sticky":false,"template":"","format":"standard","meta":{"footnotes":"","_jetpack_memberships_contains_paid_content":false},"categories":[4],"tags":[123,91,104,122,31,64,78,90,19,89,127,126,124,125,83,118,93,66,65,74,119,67,75],"jetpack_sharing_enabled":true,"jetpack_featured_media_url":"https:\/\/blog.dgformacion.com\/wp-content\/uploads\/2025\/05\/madrid_compProfEmer.png","_links":{"self":[{"href":"https:\/\/blog.dgformacion.com\/index.php?rest_route=\/wp\/v2\/posts\/923"}],"collection":[{"href":"https:\/\/blog.dgformacion.com\/index.php?rest_route=\/wp\/v2\/posts"}],"about":[{"href":"https:\/\/blog.dgformacion.com\/index.php?rest_route=\/wp\/v2\/types\/post"}],"author":[{"embeddable":true,"href":"https:\/\/blog.dgformacion.com\/index.php?rest_route=\/wp\/v2\/users\/2"}],"replies":[{"embeddable":true,"href":"https:\/\/blog.dgformacion.com\/index.php?rest_route=%2Fwp%2Fv2%2Fcomments&post=923"}],"version-history":[{"count":2,"href":"https:\/\/blog.dgformacion.com\/index.php?rest_route=\/wp\/v2\/posts\/923\/revisions"}],"predecessor-version":[{"id":1045,"href":"https:\/\/blog.dgformacion.com\/index.php?rest_route=\/wp\/v2\/posts\/923\/revisions\/1045"}],"wp:featuredmedia":[{"embeddable":true,"href":"https:\/\/blog.dgformacion.com\/index.php?rest_route=\/wp\/v2\/media\/924"}],"wp:attachment":[{"href":"https:\/\/blog.dgformacion.com\/index.php?rest_route=%2Fwp%2Fv2%2Fmedia&parent=923"}],"wp:term":[{"taxonomy":"category","embeddable":true,"href":"https:\/\/blog.dgformacion.com\/index.php?rest_route=%2Fwp%2Fv2%2Fcategories&post=923"},{"taxonomy":"post_tag","embeddable":true,"href":"https:\/\/blog.dgformacion.com\/index.php?rest_route=%2Fwp%2Fv2%2Ftags&post=923"}],"curies":[{"name":"wp","href":"https:\/\/api.w.org\/{rel}","templated":true}]}}