{"id":926,"date":"2025-05-20T12:01:10","date_gmt":"2025-05-20T11:01:10","guid":{"rendered":"https:\/\/blog.dgformacion.com\/?p=926"},"modified":"2025-07-11T12:45:10","modified_gmt":"2025-07-11T11:45:10","slug":"personas-desempleadas-con-compromiso-de-contratacion-andalucia-2025","status":"publish","type":"post","link":"https:\/\/blog.dgformacion.com\/?p=926","title":{"rendered":"Personas desempleadas con compromiso de contrataci\u00f3n, Andaluc\u00eda &#8211; 2025."},"content":{"rendered":"\n<p>La Consejer\u00eda de Econom\u00eda, Hacienda y Empleo ha convocado las subvenciones destinadas a la realizaci\u00f3n de programas de formaci\u00f3n para la Cualificaci\u00f3n Profesional en ocupaciones con competencias profesionales emergentes.<\/p>\n\n\n\n<p class=\"has-text-align-center\"><strong>DESTINATARIOS<\/strong><br>Podr\u00e1n acceder a estas ayudas tanto empresas, ya sean personas f\u00edsicas o jur\u00eddicas, que se comprometan a contratar a personas desempleadas tras su participaci\u00f3n en la formaci\u00f3n subvencionada, siempre que dicho compromiso se materialice dentro del territorio andaluz, lo cual implica contar o prever contar con un c\u00f3digo de cotizaci\u00f3n a la Seguridad Social en alguna provincia de Andaluc\u00eda.<br>Tambi\u00e9n podr\u00e1n participar entidades formativas que asuman dicho compromiso de contrataci\u00f3n, ya sea directamente o a trav\u00e9s de convenios o acuerdos formales con empresas responsables de realizar las contrataciones.<\/p>\n\n\n\n<p class=\"has-text-align-center\"><strong>PRESUPUESTO TOTAL DISPONIBLE<br><\/strong>2.000.000,00 \u20ac<\/p>\n\n\n\n<p class=\"has-text-align-center\"><strong>PLAZO DE LA SOLICITUD<br><\/strong>Hasta el 30\/09\/2025.<\/p>\n\n\n\n<p class=\"has-text-align-center\"><strong>MODALIDAD DE IMPARTICI\u00d3N<\/strong><br>Presenciales.<\/p>\n\n\n\n<p class=\"has-text-align-center\"><strong>CATEGOR\u00cdA<br><\/strong>Especialidades formativas.<\/p>\n\n\n\n<p>Para m\u00e1s informaci\u00f3n, visital el siguiente enlace:<\/p>\n\n\n\n<div class=\"wp-block-buttons is-content-justification-center is-layout-flex wp-container-core-buttons-layout-1 wp-block-buttons-is-layout-flex\">\n<div class=\"wp-block-button\"><a class=\"wp-block-button__link has-white-color has-text-color has-link-color wp-element-button\" href=\"https:\/\/www.infosubvenciones.es\/bdnstrans\/GE\/es\/convocatorias\/831410\" target=\"_blank\" rel=\"noreferrer noopener\">Ver convocatoria<\/a><\/div>\n<\/div>\n\n\n\n<p><\/p>\n\n\n\n<p class=\"has-text-align-center\" style=\"font-size:24px\">Echa un vistazo a nuestro cat\u00e1logo completo&nbsp;<a href=\"https:\/\/dgformacion.com\/categoria-curso\/contenido-en-formato-digital\/certificados-de-profesionalidad\/\" target=\"_blank\" rel=\"noreferrer noopener\">pinchando aqu\u00ed<\/a>.<\/p>\n\n\n\n<p class=\"has-text-align-center\">Contacta con nosotros a trav\u00e9s del 914 32 02 02, o info@dgformacion.com.<\/p>\n","protected":false},"excerpt":{"rendered":"<p>La Consejer\u00eda de Econom\u00eda, Hacienda y Empleo ha convocado las subvenciones destinadas a la realizaci\u00f3n de programas de formaci\u00f3n para la Cualificaci\u00f3n Profesional en ocupaciones con competencias profesionales emergentes. DESTINATARIOSPodr\u00e1n acceder a estas ayudas tanto empresas, ya sean personas f\u00edsicas o jur\u00eddicas, que se comprometan a contratar a personas desempleadas tras su participaci\u00f3n en la &hellip;<\/p>\n","protected":false},"author":2,"featured_media":991,"comment_status":"closed","ping_status":"open","sticky":false,"template":"","format":"standard","meta":{"footnotes":"","_jetpack_memberships_contains_paid_content":false},"categories":[4],"tags":[123,11,91,104,122,31,64,78,90,19,89,127,126,124,125,118,93,66,65,74,119,67,75],"jetpack_sharing_enabled":true,"jetpack_featured_media_url":"https:\/\/blog.dgformacion.com\/wp-content\/uploads\/2025\/05\/desempleados-compromiso-contratacion-andalucia-2025.png","_links":{"self":[{"href":"https:\/\/blog.dgformacion.com\/index.php?rest_route=\/wp\/v2\/posts\/926"}],"collection":[{"href":"https:\/\/blog.dgformacion.com\/index.php?rest_route=\/wp\/v2\/posts"}],"about":[{"href":"https:\/\/blog.dgformacion.com\/index.php?rest_route=\/wp\/v2\/types\/post"}],"author":[{"embeddable":true,"href":"https:\/\/blog.dgformacion.com\/index.php?rest_route=\/wp\/v2\/users\/2"}],"replies":[{"embeddable":true,"href":"https:\/\/blog.dgformacion.com\/index.php?rest_route=%2Fwp%2Fv2%2Fcomments&post=926"}],"version-history":[{"count":2,"href":"https:\/\/blog.dgformacion.com\/index.php?rest_route=\/wp\/v2\/posts\/926\/revisions"}],"predecessor-version":[{"id":1043,"href":"https:\/\/blog.dgformacion.com\/index.php?rest_route=\/wp\/v2\/posts\/926\/revisions\/1043"}],"wp:featuredmedia":[{"embeddable":true,"href":"https:\/\/blog.dgformacion.com\/index.php?rest_route=\/wp\/v2\/media\/991"}],"wp:attachment":[{"href":"https:\/\/blog.dgformacion.com\/index.php?rest_route=%2Fwp%2Fv2%2Fmedia&parent=926"}],"wp:term":[{"taxonomy":"category","embeddable":true,"href":"https:\/\/blog.dgformacion.com\/index.php?rest_route=%2Fwp%2Fv2%2Fcategories&post=926"},{"taxonomy":"post_tag","embeddable":true,"href":"https:\/\/blog.dgformacion.com\/index.php?rest_route=%2Fwp%2Fv2%2Ftags&post=926"}],"curies":[{"name":"wp","href":"https:\/\/api.w.org\/{rel}","templated":true}]}}