{"id":929,"date":"2025-05-20T12:01:15","date_gmt":"2025-05-20T11:01:15","guid":{"rendered":"https:\/\/blog.dgformacion.com\/?p=929"},"modified":"2025-07-11T12:43:26","modified_gmt":"2025-07-11T11:43:26","slug":"desarrollo-de-programas-integrales-de-empleo-aragon-2025","status":"publish","type":"post","link":"https:\/\/blog.dgformacion.com\/?p=929","title":{"rendered":"Desarrollo de programas integrales de empleo, Arag\u00f3n &#8211; 2025."},"content":{"rendered":"\n<p>La Consejer\u00eda de Empleo, Ciencia y Universidades de la Comunidad de Arag\u00f3n ha convocado las subvenciones para financiar programas de proyectos integrales de empleo.<\/p>\n\n\n\n<p class=\"has-text-align-center\"><strong>DESTINATARIOS<br><\/strong>Entidades de formaci\u00f3n cuyos centros est\u00e9n debidamente acreditados y\/o inscritos, a la fecha de publicaci\u00f3n, en el Registro de Centros Colaboradores en Formaci\u00f3n e Inserci\u00f3n Profesional de Arag\u00f3n, o en su defecto, en el Registro Estatal de Entidades de Formaci\u00f3n, siempre que, al comenzar la actividad formativa, cuenten con instalaciones ubicadas en el territorio aragon\u00e9s que est\u00e9n registradas y\/o acreditadas y sean aptas para impartir las especialidades formativas solicitadas.<\/p>\n\n\n\n<p class=\"has-text-align-center\"><strong>PRESUPUESTO TOTAL DISPONIBLE<br><\/strong>1.500.000,00 \u20ac<\/p>\n\n\n\n<p class=\"has-text-align-center\"><strong>PLAZO DE LA SOLICITUD<br><\/strong>Hasta el 30\/09\/2025.<\/p>\n\n\n\n<p class=\"has-text-align-center\"><strong>MODALIDAD DE IMPARTICI\u00d3N<\/strong><br>Podr\u00e1n llevarse a cabo de forma presencial en aula o mediante teleformaci\u00f3n, seg\u00fan lo indicado para cada especialidad en el cat\u00e1logo correspondiente, y tendr\u00e1n la duraci\u00f3n establecida en el Anexo I.<\/p>\n\n\n\n<p class=\"has-text-align-center\"><strong>CATEGOR\u00cdA<br><\/strong>Especialidades formativas.<\/p>\n\n\n\n<p>Para m\u00e1s informaci\u00f3n, visital el siguiente enlace:<\/p>\n\n\n\n<div class=\"wp-block-buttons is-content-justification-center is-layout-flex wp-container-core-buttons-layout-1 wp-block-buttons-is-layout-flex\">\n<div class=\"wp-block-button\"><a class=\"wp-block-button__link has-white-color has-text-color has-link-color wp-element-button\" href=\"https:\/\/www.infosubvenciones.es\/bdnstrans\/GE\/es\/convocatorias\/832479\" target=\"_blank\" rel=\"noreferrer noopener\">Ver convocatoria<\/a><\/div>\n<\/div>\n\n\n\n<p><\/p>\n\n\n\n<p class=\"has-text-align-center\" style=\"font-size:24px\">Echa un vistazo a nuestro cat\u00e1logo completo&nbsp;<a href=\"https:\/\/dgformacion.com\/categoria-curso\/contenido-en-formato-digital\/certificados-de-profesionalidad\/\" target=\"_blank\" rel=\"noreferrer noopener\">pinchando aqu\u00ed<\/a>.<\/p>\n\n\n\n<p class=\"has-text-align-center\">Contacta con nosotros a trav\u00e9s del 914 32 02 02, o info@dgformacion.com.<\/p>\n","protected":false},"excerpt":{"rendered":"<p>La Consejer\u00eda de Empleo, Ciencia y Universidades de la Comunidad de Arag\u00f3n ha convocado las subvenciones para financiar programas de proyectos integrales de empleo. DESTINATARIOSEntidades de formaci\u00f3n cuyos centros est\u00e9n debidamente acreditados y\/o inscritos, a la fecha de publicaci\u00f3n, en el Registro de Centros Colaboradores en Formaci\u00f3n e Inserci\u00f3n Profesional de Arag\u00f3n, o en su &hellip;<\/p>\n","protected":false},"author":2,"featured_media":930,"comment_status":"closed","ping_status":"open","sticky":false,"template":"","format":"standard","meta":{"footnotes":"","_jetpack_memberships_contains_paid_content":false},"categories":[4],"tags":[123,108,91,104,122,31,64,78,90,19,89,127,126,124,125,118,93,66,65,74,119,67,75],"jetpack_sharing_enabled":true,"jetpack_featured_media_url":"https:\/\/blog.dgformacion.com\/wp-content\/uploads\/2025\/05\/aragon_progrIntegrEmpleo.png","_links":{"self":[{"href":"https:\/\/blog.dgformacion.com\/index.php?rest_route=\/wp\/v2\/posts\/929"}],"collection":[{"href":"https:\/\/blog.dgformacion.com\/index.php?rest_route=\/wp\/v2\/posts"}],"about":[{"href":"https:\/\/blog.dgformacion.com\/index.php?rest_route=\/wp\/v2\/types\/post"}],"author":[{"embeddable":true,"href":"https:\/\/blog.dgformacion.com\/index.php?rest_route=\/wp\/v2\/users\/2"}],"replies":[{"embeddable":true,"href":"https:\/\/blog.dgformacion.com\/index.php?rest_route=%2Fwp%2Fv2%2Fcomments&post=929"}],"version-history":[{"count":2,"href":"https:\/\/blog.dgformacion.com\/index.php?rest_route=\/wp\/v2\/posts\/929\/revisions"}],"predecessor-version":[{"id":1041,"href":"https:\/\/blog.dgformacion.com\/index.php?rest_route=\/wp\/v2\/posts\/929\/revisions\/1041"}],"wp:featuredmedia":[{"embeddable":true,"href":"https:\/\/blog.dgformacion.com\/index.php?rest_route=\/wp\/v2\/media\/930"}],"wp:attachment":[{"href":"https:\/\/blog.dgformacion.com\/index.php?rest_route=%2Fwp%2Fv2%2Fmedia&parent=929"}],"wp:term":[{"taxonomy":"category","embeddable":true,"href":"https:\/\/blog.dgformacion.com\/index.php?rest_route=%2Fwp%2Fv2%2Fcategories&post=929"},{"taxonomy":"post_tag","embeddable":true,"href":"https:\/\/blog.dgformacion.com\/index.php?rest_route=%2Fwp%2Fv2%2Ftags&post=929"}],"curies":[{"name":"wp","href":"https:\/\/api.w.org\/{rel}","templated":true}]}}