{"id":960,"date":"2025-06-10T08:56:14","date_gmt":"2025-06-10T07:56:14","guid":{"rendered":"https:\/\/blog.dgformacion.com\/?p=960"},"modified":"2025-06-10T08:56:15","modified_gmt":"2025-06-10T07:56:15","slug":"el-desafio-educativo-del-siglo-xxi-de-ametic-9-de-junio-2025","status":"publish","type":"post","link":"https:\/\/blog.dgformacion.com\/?p=960","title":{"rendered":"El Desaf\u00edo Educativo del Siglo XXI, de AMETIC &#8211; 9 de junio, 2025"},"content":{"rendered":"\n<p>El pasado 9 de junio, DGF tuvo el privilegio de participar en el evento <strong>El Desaf\u00edo Educativo del Siglo XXI<\/strong> organizado por AMETIC, un espacio de encuentro clave para debatir y cocrear soluciones que impulsen una transformaci\u00f3n digital justa, verde y centrada en las personas. Durante la jornada, pudimos conectar con instituciones, empresas y expertos comprometidos con una visi\u00f3n sostenible e inclusiva del progreso tecnol\u00f3gico. Las mesas redondas, ponencias y talleres dejaron claro que la colaboraci\u00f3n es esencial para afrontar con \u00e9xito los grandes retos del presente y del futuro.<\/p>\n\n\n\n<div class=\"wp-block-jetpack-slideshow aligncenter\" data-effect=\"slide\"><div class=\"wp-block-jetpack-slideshow_container swiper-container\"><ul class=\"wp-block-jetpack-slideshow_swiper-wrapper swiper-wrapper\"><li class=\"wp-block-jetpack-slideshow_slide swiper-slide\"><figure><img loading=\"lazy\" decoding=\"async\" width=\"1024\" height=\"768\" alt=\"\" class=\"wp-block-jetpack-slideshow_image wp-image-963\" data-id=\"963\" src=\"https:\/\/blog.dgformacion.com\/wp-content\/uploads\/2025\/06\/WhatsApp-Image-2025-06-09-at-12.45.40-1-1024x768.jpeg\" srcset=\"https:\/\/blog.dgformacion.com\/wp-content\/uploads\/2025\/06\/WhatsApp-Image-2025-06-09-at-12.45.40-1-1024x768.jpeg 1024w, https:\/\/blog.dgformacion.com\/wp-content\/uploads\/2025\/06\/WhatsApp-Image-2025-06-09-at-12.45.40-1-300x225.jpeg 300w, https:\/\/blog.dgformacion.com\/wp-content\/uploads\/2025\/06\/WhatsApp-Image-2025-06-09-at-12.45.40-1-768x576.jpeg 768w, https:\/\/blog.dgformacion.com\/wp-content\/uploads\/2025\/06\/WhatsApp-Image-2025-06-09-at-12.45.40-1-1536x1152.jpeg 1536w, https:\/\/blog.dgformacion.com\/wp-content\/uploads\/2025\/06\/WhatsApp-Image-2025-06-09-at-12.45.40-1.jpeg 1600w\" sizes=\"(max-width: 1024px) 100vw, 1024px\" \/><\/figure><\/li><li class=\"wp-block-jetpack-slideshow_slide swiper-slide\"><figure><img loading=\"lazy\" decoding=\"async\" width=\"1024\" height=\"768\" alt=\"\" class=\"wp-block-jetpack-slideshow_image wp-image-964\" data-id=\"964\" src=\"https:\/\/blog.dgformacion.com\/wp-content\/uploads\/2025\/06\/WhatsApp-Image-2025-06-09-at-12.45.40-1024x768.jpeg\" srcset=\"https:\/\/blog.dgformacion.com\/wp-content\/uploads\/2025\/06\/WhatsApp-Image-2025-06-09-at-12.45.40-1024x768.jpeg 1024w, https:\/\/blog.dgformacion.com\/wp-content\/uploads\/2025\/06\/WhatsApp-Image-2025-06-09-at-12.45.40-300x225.jpeg 300w, https:\/\/blog.dgformacion.com\/wp-content\/uploads\/2025\/06\/WhatsApp-Image-2025-06-09-at-12.45.40-768x576.jpeg 768w, https:\/\/blog.dgformacion.com\/wp-content\/uploads\/2025\/06\/WhatsApp-Image-2025-06-09-at-12.45.40-1536x1152.jpeg 1536w, https:\/\/blog.dgformacion.com\/wp-content\/uploads\/2025\/06\/WhatsApp-Image-2025-06-09-at-12.45.40.jpeg 1600w\" sizes=\"(max-width: 1024px) 100vw, 1024px\" \/><\/figure><\/li><li class=\"wp-block-jetpack-slideshow_slide swiper-slide\"><figure><img loading=\"lazy\" decoding=\"async\" width=\"1024\" height=\"768\" alt=\"\" class=\"wp-block-jetpack-slideshow_image wp-image-965\" data-id=\"965\" src=\"https:\/\/blog.dgformacion.com\/wp-content\/uploads\/2025\/06\/WhatsApp-Image-2025-06-09-at-12.59.06-1024x768.jpeg\" srcset=\"https:\/\/blog.dgformacion.com\/wp-content\/uploads\/2025\/06\/WhatsApp-Image-2025-06-09-at-12.59.06-1024x768.jpeg 1024w, https:\/\/blog.dgformacion.com\/wp-content\/uploads\/2025\/06\/WhatsApp-Image-2025-06-09-at-12.59.06-300x225.jpeg 300w, https:\/\/blog.dgformacion.com\/wp-content\/uploads\/2025\/06\/WhatsApp-Image-2025-06-09-at-12.59.06-768x576.jpeg 768w, https:\/\/blog.dgformacion.com\/wp-content\/uploads\/2025\/06\/WhatsApp-Image-2025-06-09-at-12.59.06-1536x1152.jpeg 1536w, https:\/\/blog.dgformacion.com\/wp-content\/uploads\/2025\/06\/WhatsApp-Image-2025-06-09-at-12.59.06.jpeg 1600w\" sizes=\"(max-width: 1024px) 100vw, 1024px\" \/><\/figure><\/li><\/ul><a class=\"wp-block-jetpack-slideshow_button-prev swiper-button-prev swiper-button-white\" role=\"button\"><\/a><a class=\"wp-block-jetpack-slideshow_button-next swiper-button-next swiper-button-white\" role=\"button\"><\/a><a aria-label=\"Pause Slideshow\" class=\"wp-block-jetpack-slideshow_button-pause\" role=\"button\"><\/a><div class=\"wp-block-jetpack-slideshow_pagination swiper-pagination swiper-pagination-white\"><\/div><\/div><\/div>\n\n\n\n<p>Como empresa especializada en contenidos formativos, plataformas virtuales y asesor\u00eda en convocatorias, en DGF reafirmamos nuestro compromiso con una educaci\u00f3n transformadora que prepare a ciudadanos y profesionales para un entorno digital en constante evoluci\u00f3n. Nos llevamos inspiraci\u00f3n, aprendizajes y nuevas alianzas que sin duda reforzar\u00e1n nuestra misi\u00f3n de crear recursos formativos alineados con los valores del #PactoVerde, la sostenibilidad y la innovaci\u00f3n responsable. Agradecemos a AMETIC por la organizaci\u00f3n de este encuentro tan enriquecedor.<\/p>\n\n\n\n<p><\/p>\n","protected":false},"excerpt":{"rendered":"<p>El pasado 9 de junio, DGF tuvo el privilegio de participar en el evento El Desaf\u00edo Educativo del Siglo XXI organizado por AMETIC, un espacio de encuentro clave para debatir y cocrear soluciones que impulsen una transformaci\u00f3n digital justa, verde y centrada en las personas. Durante la jornada, pudimos conectar con instituciones, empresas y expertos &hellip;<\/p>\n","protected":false},"author":2,"featured_media":961,"comment_status":"closed","ping_status":"open","sticky":false,"template":"","format":"standard","meta":{"footnotes":"","_jetpack_memberships_contains_paid_content":false},"categories":[3],"tags":[97,133,51,53,50,43,52,116,145,23,33,132,121,44,114,21,55,117,19,144,131,32,83,115,28,20,22],"jetpack_sharing_enabled":true,"jetpack_featured_media_url":"https:\/\/blog.dgformacion.com\/wp-content\/uploads\/2025\/06\/desafiopactoametic.png","_links":{"self":[{"href":"https:\/\/blog.dgformacion.com\/index.php?rest_route=\/wp\/v2\/posts\/960"}],"collection":[{"href":"https:\/\/blog.dgformacion.com\/index.php?rest_route=\/wp\/v2\/posts"}],"about":[{"href":"https:\/\/blog.dgformacion.com\/index.php?rest_route=\/wp\/v2\/types\/post"}],"author":[{"embeddable":true,"href":"https:\/\/blog.dgformacion.com\/index.php?rest_route=\/wp\/v2\/users\/2"}],"replies":[{"embeddable":true,"href":"https:\/\/blog.dgformacion.com\/index.php?rest_route=%2Fwp%2Fv2%2Fcomments&post=960"}],"version-history":[{"count":2,"href":"https:\/\/blog.dgformacion.com\/index.php?rest_route=\/wp\/v2\/posts\/960\/revisions"}],"predecessor-version":[{"id":966,"href":"https:\/\/blog.dgformacion.com\/index.php?rest_route=\/wp\/v2\/posts\/960\/revisions\/966"}],"wp:featuredmedia":[{"embeddable":true,"href":"https:\/\/blog.dgformacion.com\/index.php?rest_route=\/wp\/v2\/media\/961"}],"wp:attachment":[{"href":"https:\/\/blog.dgformacion.com\/index.php?rest_route=%2Fwp%2Fv2%2Fmedia&parent=960"}],"wp:term":[{"taxonomy":"category","embeddable":true,"href":"https:\/\/blog.dgformacion.com\/index.php?rest_route=%2Fwp%2Fv2%2Fcategories&post=960"},{"taxonomy":"post_tag","embeddable":true,"href":"https:\/\/blog.dgformacion.com\/index.php?rest_route=%2Fwp%2Fv2%2Ftags&post=960"}],"curies":[{"name":"wp","href":"https:\/\/api.w.org\/{rel}","templated":true}]}}