{"id":967,"date":"2025-06-24T08:54:43","date_gmt":"2025-06-24T07:54:43","guid":{"rendered":"https:\/\/blog.dgformacion.com\/?p=967"},"modified":"2025-07-11T12:41:49","modified_gmt":"2025-07-11T11:41:49","slug":"esp-formativas-no-conducentes-personas-trabajadoras-ocupadas-cataluna-2025","status":"publish","type":"post","link":"https:\/\/blog.dgformacion.com\/?p=967","title":{"rendered":"Esp. Formativas no conducentes. Personas trabajadoras ocupadas, Catalu\u00f1a &#8211; 2025."},"content":{"rendered":"\n<p>El Consorci per a la Formaci\u00f3 Cont\u00ednua de Catalunya ha abierto la convocatoria de ayudas destinadas a impulsar programas de formaci\u00f3n profesional para el empleo, centrados en especialidades formativas que no otorgan certificados profesionales, y dirigidos a personas trabajadoras en activo.<\/p>\n\n\n\n<p>El prop\u00f3sito de esta l\u00ednea de subvenciones y de las acciones formativas asociadas es promover el aprendizaje continuo, facilitando as\u00ed que tanto los trabajadores como las empresas se adapten a los cambios de una sociedad cada vez m\u00e1s basada en el conocimiento. Con ello, se busca preservar y actualizar la cualificaci\u00f3n profesional de la poblaci\u00f3n trabajadora.<\/p>\n\n\n\n<p class=\"has-text-align-center\"><strong>DESTINATARIOS<br><\/strong>\u2013 Podr\u00e1n participar aquellas entidades formativas, debidamente acreditadas y\/o registradas, que dispongan de instalaciones fijas en Catalu\u00f1a, adecuadas para impartir las especialidades formativas solicitadas y atender a las personas participantes.<br>\u2013 La convocatoria tambi\u00e9n podr\u00e1 contemplar la participaci\u00f3n de agrupaciones formadas por entidades acreditadas y\/o registradas en el correspondiente registro oficial.<\/p>\n\n\n\n<p class=\"has-text-align-center\"><strong>PRESUPUESTO TOTAL DISPONIBLE<br><\/strong>31.443.657,49 \u20ac<\/p>\n\n\n\n<p class=\"has-text-align-center\"><strong>PLAZO DE LA SOLICITUD<br><\/strong>Hasta el 16\/07\/2025.<\/p>\n\n\n\n<p class=\"has-text-align-center\"><strong>MODALIDAD DE IMPARTICI\u00d3N<\/strong><br>La formaci\u00f3n podr\u00e1 desarrollarse de forma presencial, a distancia (teleformaci\u00f3n) o en modalidad combinada.<\/p>\n\n\n\n<p class=\"has-text-align-center\"><strong>CATEGOR\u00cdA<br><\/strong>Especialidades formativas.<\/p>\n\n\n\n<p>Para m\u00e1s informaci\u00f3n, visital el siguiente enlace:<\/p>\n\n\n\n<div class=\"wp-block-buttons is-content-justification-center is-layout-flex wp-container-core-buttons-layout-1 wp-block-buttons-is-layout-flex\">\n<div class=\"wp-block-button\"><a class=\"wp-block-button__link has-white-color has-text-color has-link-color wp-element-button\" href=\"https:\/\/portaldogc.gencat.cat\/utilsEADOP\/AppJava\/PdfProviderServlet?versionId=2094472&amp;type=01\" target=\"_blank\" rel=\"noreferrer noopener\">Ver convocatoria<\/a><\/div>\n<\/div>\n\n\n\n<p><\/p>\n\n\n\n<p class=\"has-text-align-center\" style=\"font-size:24px\">Echa un vistazo a nuestro cat\u00e1logo completo&nbsp;<a href=\"https:\/\/dgformacion.com\/categoria-curso\/contenido-en-formato-digital\/certificados-de-profesionalidad\/\" target=\"_blank\" rel=\"noreferrer noopener\">pinchando aqu\u00ed<\/a>.<\/p>\n\n\n\n<p class=\"has-text-align-center\">Contacta con nosotros a trav\u00e9s del 914 32 02 02, o info@dgformacion.com.<\/p>\n","protected":false},"excerpt":{"rendered":"<p>El Consorci per a la Formaci\u00f3 Cont\u00ednua de Catalunya ha abierto la convocatoria de ayudas destinadas a impulsar programas de formaci\u00f3n profesional para el empleo, centrados en especialidades formativas que no otorgan certificados profesionales, y dirigidos a personas trabajadoras en activo. El prop\u00f3sito de esta l\u00ednea de subvenciones y de las acciones formativas asociadas es &hellip;<\/p>\n","protected":false},"author":2,"featured_media":968,"comment_status":"closed","ping_status":"open","sticky":false,"template":"","format":"standard","meta":{"footnotes":"","_jetpack_memberships_contains_paid_content":false},"categories":[4],"tags":[123,108,146,147,91,104,122,31,64,78,90,19,89,127,126,124,125,118,93,66,65,74,119,67,75],"jetpack_sharing_enabled":true,"jetpack_featured_media_url":"https:\/\/blog.dgformacion.com\/wp-content\/uploads\/2025\/06\/espFormNocond_persTrabDes_cataluna25.png","_links":{"self":[{"href":"https:\/\/blog.dgformacion.com\/index.php?rest_route=\/wp\/v2\/posts\/967"}],"collection":[{"href":"https:\/\/blog.dgformacion.com\/index.php?rest_route=\/wp\/v2\/posts"}],"about":[{"href":"https:\/\/blog.dgformacion.com\/index.php?rest_route=\/wp\/v2\/types\/post"}],"author":[{"embeddable":true,"href":"https:\/\/blog.dgformacion.com\/index.php?rest_route=\/wp\/v2\/users\/2"}],"replies":[{"embeddable":true,"href":"https:\/\/blog.dgformacion.com\/index.php?rest_route=%2Fwp%2Fv2%2Fcomments&post=967"}],"version-history":[{"count":2,"href":"https:\/\/blog.dgformacion.com\/index.php?rest_route=\/wp\/v2\/posts\/967\/revisions"}],"predecessor-version":[{"id":1039,"href":"https:\/\/blog.dgformacion.com\/index.php?rest_route=\/wp\/v2\/posts\/967\/revisions\/1039"}],"wp:featuredmedia":[{"embeddable":true,"href":"https:\/\/blog.dgformacion.com\/index.php?rest_route=\/wp\/v2\/media\/968"}],"wp:attachment":[{"href":"https:\/\/blog.dgformacion.com\/index.php?rest_route=%2Fwp%2Fv2%2Fmedia&parent=967"}],"wp:term":[{"taxonomy":"category","embeddable":true,"href":"https:\/\/blog.dgformacion.com\/index.php?rest_route=%2Fwp%2Fv2%2Fcategories&post=967"},{"taxonomy":"post_tag","embeddable":true,"href":"https:\/\/blog.dgformacion.com\/index.php?rest_route=%2Fwp%2Fv2%2Ftags&post=967"}],"curies":[{"name":"wp","href":"https:\/\/api.w.org\/{rel}","templated":true}]}}