{"id":970,"date":"2025-06-24T09:13:17","date_gmt":"2025-06-24T08:13:17","guid":{"rendered":"https:\/\/blog.dgformacion.com\/?p=970"},"modified":"2025-07-11T12:49:23","modified_gmt":"2025-07-11T11:49:23","slug":"resolucion-de-la-convocatoria-estatal-2025","status":"publish","type":"post","link":"https:\/\/blog.dgformacion.com\/?p=970","title":{"rendered":"RESOLUCI\u00d3N de la Convocatoria Estatal &#8211; 2025."},"content":{"rendered":"\n<p>El Ministerio de Educaci\u00f3n, Formaci\u00f3n Profesional y Deportes ha publicado en su portal web la <strong>resoluci\u00f3n definitiva<\/strong> de la convocatoria de subvenciones correspondiente al a\u00f1o 2024, destinada a programas de formaci\u00f3n de \u00e1mbito estatal.<\/p>\n\n\n\n<p class=\"has-text-align-center has-medium-font-size\"><strong>Beneficiarios de la convocatoria estatal<\/strong><br>Los beneficiarios de esta convocatoria son las empresas de formaci\u00f3n y entidades que presentaron su solicitud y han sido seleccionadas conforme a los requisitos establecidos en la resoluci\u00f3n. Toda la informaci\u00f3n detallada est\u00e1 disponible en la p\u00e1gina web del Ministerio de Educaci\u00f3n, Formaci\u00f3n Profesional y Deportes.<\/p>\n\n\n\n<p class=\"has-text-align-center has-medium-font-size\"><strong>Destinatarios de las acciones formativas<\/strong><br>Esta convocatoria tiene como objetivo mejorar la cualificaci\u00f3n profesional de las personas trabajadoras, tanto ocupadas como desempleadas.<\/p>\n\n\n\n<p class=\"has-text-align-center has-medium-font-size\"><strong>Contenido de los programas formativos<\/strong><br>Las acciones formativas financiadas est\u00e1n alineadas con el <strong>Cat\u00e1logo Nacional de Cualificaciones Profesionales<\/strong> y est\u00e1n orientadas a mejorar las competencias profesionales en el \u00e1mbito laboral.<\/p>\n\n\n\n<p class=\"has-text-align-center has-medium-font-size\"><strong>Presupuesto asignado<\/strong><br>El presupuesto total asignado a esta convocatoria asciende a <strong>91.734.721,96 euros<\/strong>, que se distribuir\u00e1 entre los ejercicios presupuestarios de <strong>2025, 2026 y 2027<\/strong>.<\/p>\n\n\n\n<p>Para m\u00e1s informaci\u00f3n, visital el siguiente enlace:<\/p>\n\n\n\n<div class=\"wp-block-buttons is-content-justification-center is-layout-flex wp-container-core-buttons-layout-1 wp-block-buttons-is-layout-flex\">\n<div class=\"wp-block-button\"><a class=\"wp-block-button__link has-white-color has-text-color has-link-color wp-element-button\" href=\"https:\/\/www.educacionfpydeportes.gob.es\/servicios-al-ciudadano\/catalogo\/general\/25\/2599406\/ficha\/2599406-linea3-2023.html\" target=\"_blank\" rel=\"noreferrer noopener\">Ver convocatoria<\/a><\/div>\n<\/div>\n\n\n\n<p><\/p>\n\n\n\n<p class=\"has-text-align-center\" style=\"font-size:24px\">Echa un vistazo a nuestro cat\u00e1logo completo&nbsp;<a href=\"https:\/\/dgformacion.com\/categoria-curso\/contenido-en-formato-digital\/certificados-de-profesionalidad\/\" target=\"_blank\" rel=\"noreferrer noopener\">pinchando aqu\u00ed<\/a>.<\/p>\n\n\n\n<p class=\"has-text-align-center\">Contacta con nosotros a trav\u00e9s del 914 32 02 02, o info@dgformacion.com.<\/p>\n","protected":false},"excerpt":{"rendered":"<p>El Ministerio de Educaci\u00f3n, Formaci\u00f3n Profesional y Deportes ha publicado en su portal web la resoluci\u00f3n definitiva de la convocatoria de subvenciones correspondiente al a\u00f1o 2024, destinada a programas de formaci\u00f3n de \u00e1mbito estatal. Beneficiarios de la convocatoria estatalLos beneficiarios de esta convocatoria son las empresas de formaci\u00f3n y entidades que presentaron su solicitud y &hellip;<\/p>\n","protected":false},"author":2,"featured_media":971,"comment_status":"closed","ping_status":"open","sticky":false,"template":"","format":"standard","meta":{"footnotes":"","_jetpack_memberships_contains_paid_content":false},"categories":[4],"tags":[123,108,146,91,104,122,31,64,78,90,19,89,127,126,124,125,118,93,66,65,74,119,67,75],"jetpack_sharing_enabled":true,"jetpack_featured_media_url":"https:\/\/blog.dgformacion.com\/wp-content\/uploads\/2025\/06\/resolucion_convocatoriaEstatal.png","_links":{"self":[{"href":"https:\/\/blog.dgformacion.com\/index.php?rest_route=\/wp\/v2\/posts\/970"}],"collection":[{"href":"https:\/\/blog.dgformacion.com\/index.php?rest_route=\/wp\/v2\/posts"}],"about":[{"href":"https:\/\/blog.dgformacion.com\/index.php?rest_route=\/wp\/v2\/types\/post"}],"author":[{"embeddable":true,"href":"https:\/\/blog.dgformacion.com\/index.php?rest_route=\/wp\/v2\/users\/2"}],"replies":[{"embeddable":true,"href":"https:\/\/blog.dgformacion.com\/index.php?rest_route=%2Fwp%2Fv2%2Fcomments&post=970"}],"version-history":[{"count":2,"href":"https:\/\/blog.dgformacion.com\/index.php?rest_route=\/wp\/v2\/posts\/970\/revisions"}],"predecessor-version":[{"id":1046,"href":"https:\/\/blog.dgformacion.com\/index.php?rest_route=\/wp\/v2\/posts\/970\/revisions\/1046"}],"wp:featuredmedia":[{"embeddable":true,"href":"https:\/\/blog.dgformacion.com\/index.php?rest_route=\/wp\/v2\/media\/971"}],"wp:attachment":[{"href":"https:\/\/blog.dgformacion.com\/index.php?rest_route=%2Fwp%2Fv2%2Fmedia&parent=970"}],"wp:term":[{"taxonomy":"category","embeddable":true,"href":"https:\/\/blog.dgformacion.com\/index.php?rest_route=%2Fwp%2Fv2%2Fcategories&post=970"},{"taxonomy":"post_tag","embeddable":true,"href":"https:\/\/blog.dgformacion.com\/index.php?rest_route=%2Fwp%2Fv2%2Ftags&post=970"}],"curies":[{"name":"wp","href":"https:\/\/api.w.org\/{rel}","templated":true}]}}