{"id":973,"date":"2025-06-26T08:23:17","date_gmt":"2025-06-26T07:23:17","guid":{"rendered":"https:\/\/blog.dgformacion.com\/?p=973"},"modified":"2025-06-26T08:23:17","modified_gmt":"2025-06-26T07:23:17","slug":"la-educacion-en-el-reglamento-de-extranjeria-de-ancypel-y-aeen-25-de-junio-2025","status":"publish","type":"post","link":"https:\/\/blog.dgformacion.com\/?p=973","title":{"rendered":"La educaci\u00f3n en el Reglamento de Extranjer\u00eda, de ANCYPEL y AEEN &#8211; 25 de junio, 2025"},"content":{"rendered":"\n<p>El equipo de <strong>DGF<\/strong> asisti\u00f3 recientemente al <strong>Congreso de Formaci\u00f3n y e\u2011Learning<\/strong>, organizado por ANCYPEL y AEEN en Murcia, una cita fundamental para los profesionales del sector del e\u2011learning. La jornada reuni\u00f3 a asociaciones clave, centros de formaci\u00f3n y expertos en innovaci\u00f3n educativa, y supuso una excelente oportunidad para profundizar en el modelo de certificaci\u00f3n <strong>CUALIFICAM<\/strong>, una herramienta estrat\u00e9gica que promueve la calidad en los m\u00e1steres profesionales en colaboraci\u00f3n con Madrid. Durante el evento, participamos en sesiones sobre tendencias de formaci\u00f3n a distancia, metodolog\u00edas h\u00edbridas y nuevas herramientas tecnol\u00f3gicas, reforzando nuestro compromiso con la actualizaci\u00f3n continua de las competencias del equipo DGF.<\/p>\n\n\n\n<div class=\"wp-block-jetpack-slideshow aligncenter\" data-effect=\"slide\"><div class=\"wp-block-jetpack-slideshow_container swiper-container\"><ul class=\"wp-block-jetpack-slideshow_swiper-wrapper swiper-wrapper\"><li class=\"wp-block-jetpack-slideshow_slide swiper-slide\"><figure><img loading=\"lazy\" decoding=\"async\" width=\"1024\" height=\"768\" alt=\"\" class=\"wp-block-jetpack-slideshow_image wp-image-978\" data-id=\"978\" src=\"http:\/\/blog.dgformacion.com\/wp-content\/uploads\/2025\/06\/WhatsApp-Image-2025-06-25-at-11.33.09-1024x768.jpeg\" srcset=\"https:\/\/blog.dgformacion.com\/wp-content\/uploads\/2025\/06\/WhatsApp-Image-2025-06-25-at-11.33.09-1024x768.jpeg 1024w, https:\/\/blog.dgformacion.com\/wp-content\/uploads\/2025\/06\/WhatsApp-Image-2025-06-25-at-11.33.09-300x225.jpeg 300w, https:\/\/blog.dgformacion.com\/wp-content\/uploads\/2025\/06\/WhatsApp-Image-2025-06-25-at-11.33.09-768x576.jpeg 768w, https:\/\/blog.dgformacion.com\/wp-content\/uploads\/2025\/06\/WhatsApp-Image-2025-06-25-at-11.33.09-1536x1152.jpeg 1536w, https:\/\/blog.dgformacion.com\/wp-content\/uploads\/2025\/06\/WhatsApp-Image-2025-06-25-at-11.33.09.jpeg 1600w\" sizes=\"(max-width: 1024px) 100vw, 1024px\" \/><\/figure><\/li><li class=\"wp-block-jetpack-slideshow_slide swiper-slide\"><figure><img loading=\"lazy\" decoding=\"async\" width=\"1024\" height=\"768\" alt=\"\" class=\"wp-block-jetpack-slideshow_image wp-image-979\" data-id=\"979\" src=\"http:\/\/blog.dgformacion.com\/wp-content\/uploads\/2025\/06\/WhatsApp-Image-2025-06-25-at-11.33.22-1024x768.jpeg\" srcset=\"https:\/\/blog.dgformacion.com\/wp-content\/uploads\/2025\/06\/WhatsApp-Image-2025-06-25-at-11.33.22-1024x768.jpeg 1024w, https:\/\/blog.dgformacion.com\/wp-content\/uploads\/2025\/06\/WhatsApp-Image-2025-06-25-at-11.33.22-300x225.jpeg 300w, https:\/\/blog.dgformacion.com\/wp-content\/uploads\/2025\/06\/WhatsApp-Image-2025-06-25-at-11.33.22-768x576.jpeg 768w, https:\/\/blog.dgformacion.com\/wp-content\/uploads\/2025\/06\/WhatsApp-Image-2025-06-25-at-11.33.22-1536x1152.jpeg 1536w, https:\/\/blog.dgformacion.com\/wp-content\/uploads\/2025\/06\/WhatsApp-Image-2025-06-25-at-11.33.22.jpeg 1600w\" sizes=\"(max-width: 1024px) 100vw, 1024px\" \/><\/figure><\/li><li class=\"wp-block-jetpack-slideshow_slide swiper-slide\"><figure><img loading=\"lazy\" decoding=\"async\" width=\"1024\" height=\"768\" alt=\"\" class=\"wp-block-jetpack-slideshow_image wp-image-977\" data-id=\"977\" src=\"http:\/\/blog.dgformacion.com\/wp-content\/uploads\/2025\/06\/hor1-1024x768.jpeg\" srcset=\"https:\/\/blog.dgformacion.com\/wp-content\/uploads\/2025\/06\/hor1-1024x768.jpeg 1024w, https:\/\/blog.dgformacion.com\/wp-content\/uploads\/2025\/06\/hor1-300x225.jpeg 300w, https:\/\/blog.dgformacion.com\/wp-content\/uploads\/2025\/06\/hor1-768x576.jpeg 768w, https:\/\/blog.dgformacion.com\/wp-content\/uploads\/2025\/06\/hor1.jpeg 1200w\" sizes=\"(max-width: 1024px) 100vw, 1024px\" \/><\/figure><\/li><\/ul><a class=\"wp-block-jetpack-slideshow_button-prev swiper-button-prev swiper-button-white\" role=\"button\"><\/a><a class=\"wp-block-jetpack-slideshow_button-next swiper-button-next swiper-button-white\" role=\"button\"><\/a><a aria-label=\"Pause Slideshow\" class=\"wp-block-jetpack-slideshow_button-pause\" role=\"button\"><\/a><div class=\"wp-block-jetpack-slideshow_pagination swiper-pagination swiper-pagination-white\"><\/div><\/div><\/div>\n\n\n\n<p>Adem\u00e1s, este congreso sirvi\u00f3 como espacio de networking y sinergia con otras entidades de formaci\u00f3n, promoviendo el intercambio de buenas pr\u00e1cticas y posibilidades de colaboraci\u00f3n. Se abordaron temas como la digitalizaci\u00f3n de programas formativos, los nuevos sellos de calidad en e\u2011learning y los retos de la ense\u00f1anza abierta y flexible . Para DGF, esta experiencia no solo ha enriquecido nuestra visi\u00f3n sobre la formaci\u00f3n digital, sino que tambi\u00e9n nos ha permitido fortalecer nuestra propuesta de valor, alineada con los est\u00e1ndares de excelencia y con las necesidades presentes y futuras del sector.<\/p>\n\n\n\n<p><\/p>\n","protected":false},"excerpt":{"rendered":"<p>El equipo de DGF asisti\u00f3 recientemente al Congreso de Formaci\u00f3n y e\u2011Learning, organizado por ANCYPEL y AEEN en Murcia, una cita fundamental para los profesionales del sector del e\u2011learning. La jornada reuni\u00f3 a asociaciones clave, centros de formaci\u00f3n y expertos en innovaci\u00f3n educativa, y supuso una excelente oportunidad para profundizar en el modelo de certificaci\u00f3n &hellip;<\/p>\n","protected":false},"author":2,"featured_media":981,"comment_status":"closed","ping_status":"open","sticky":false,"template":"","format":"standard","meta":{"footnotes":"","_jetpack_memberships_contains_paid_content":false},"categories":[3],"tags":[97,133,51,53,50,43,116,23,33,132,121,44,114,21,55,117,19,131,32,83,28,20,22],"jetpack_sharing_enabled":true,"jetpack_featured_media_url":"https:\/\/blog.dgformacion.com\/wp-content\/uploads\/2025\/06\/reglamExtranj_junio.png","_links":{"self":[{"href":"https:\/\/blog.dgformacion.com\/index.php?rest_route=\/wp\/v2\/posts\/973"}],"collection":[{"href":"https:\/\/blog.dgformacion.com\/index.php?rest_route=\/wp\/v2\/posts"}],"about":[{"href":"https:\/\/blog.dgformacion.com\/index.php?rest_route=\/wp\/v2\/types\/post"}],"author":[{"embeddable":true,"href":"https:\/\/blog.dgformacion.com\/index.php?rest_route=\/wp\/v2\/users\/2"}],"replies":[{"embeddable":true,"href":"https:\/\/blog.dgformacion.com\/index.php?rest_route=%2Fwp%2Fv2%2Fcomments&post=973"}],"version-history":[{"count":2,"href":"https:\/\/blog.dgformacion.com\/index.php?rest_route=\/wp\/v2\/posts\/973\/revisions"}],"predecessor-version":[{"id":980,"href":"https:\/\/blog.dgformacion.com\/index.php?rest_route=\/wp\/v2\/posts\/973\/revisions\/980"}],"wp:featuredmedia":[{"embeddable":true,"href":"https:\/\/blog.dgformacion.com\/index.php?rest_route=\/wp\/v2\/media\/981"}],"wp:attachment":[{"href":"https:\/\/blog.dgformacion.com\/index.php?rest_route=%2Fwp%2Fv2%2Fmedia&parent=973"}],"wp:term":[{"taxonomy":"category","embeddable":true,"href":"https:\/\/blog.dgformacion.com\/index.php?rest_route=%2Fwp%2Fv2%2Fcategories&post=973"},{"taxonomy":"post_tag","embeddable":true,"href":"https:\/\/blog.dgformacion.com\/index.php?rest_route=%2Fwp%2Fv2%2Ftags&post=973"}],"curies":[{"name":"wp","href":"https:\/\/api.w.org\/{rel}","templated":true}]}}