{"id":993,"date":"2025-07-04T09:25:30","date_gmt":"2025-07-04T08:25:30","guid":{"rendered":"https:\/\/blog.dgformacion.com\/?p=993"},"modified":"2025-07-11T12:15:36","modified_gmt":"2025-07-11T11:15:36","slug":"personas-trabajadoras-desempleadas-madrid-2025","status":"publish","type":"post","link":"https:\/\/blog.dgformacion.com\/?p=993","title":{"rendered":"Personas trabajadoras desempleadas &#8211; Madrid, 2025."},"content":{"rendered":"\n<p>La Consejer\u00eda de Econom\u00eda, Hacienda y Empleo lanza una convocatoria de ayudas para financiar cursos especializados dirigidos a personas desempleadas.<\/p>\n\n\n\n<p>Estas subvenciones tienen como objetivo proporcionar a los desempleados una formaci\u00f3n que responda a las demandas actuales del mercado laboral, al mismo tiempo que se satisfacen las necesidades de productividad y competitividad de las empresas.<\/p>\n\n\n\n<p class=\"has-text-align-center\"><strong>DESTINATARIOS<br><\/strong>Entidades formativas que cumplan con los requisitos establecidos en el art\u00edculo 6 de la Orden TMS\/368\/2019, de 28 de marzo.<br>Deben estar registrados en el Registro de Entidades de Formaci\u00f3n Profesional para el Empleo de la Comunidad de Madrid.<br>En caso de solicitar cursos de teleformaci\u00f3n (modalidad virtual), la inscripci\u00f3n deber\u00e1 constar en el Registro Estatal de Entidades de Formaci\u00f3n.<br><br><strong>PRESUPUESTO TOTAL DISPONIBLE<\/strong><br>20.589.738,00 \u20ac<br><br><strong>PLAZO DE SOLICITUD<\/strong><br>03\/07\/2025 &#8211; 23\/07\/2025<\/p>\n\n\n\n<p class=\"has-text-align-center\"><strong>MODALIDAD DE IMPARTICI\u00d3N<\/strong><br>Presencial, virtual (teleformaci\u00f3n) y\/o modalidad mixta (semipresencial).<br>El uso del aula virtual como herramienta adicional en la formaci\u00f3n presencial estar\u00e1 permitido, siempre que no supere el 40% del contenido total del curso.<\/p>\n\n\n\n<p class=\"has-text-align-center\"><strong>CATEGOR\u00cdA<\/strong><br>Especialidades formativas.<\/p>\n\n\n\n<p><\/p>\n\n\n\n<p>Para m\u00e1s informaci\u00f3n, visital el siguiente enlace:<\/p>\n\n\n\n<div class=\"wp-block-buttons is-content-justification-center is-layout-flex wp-container-core-buttons-layout-1 wp-block-buttons-is-layout-flex\">\n<div class=\"wp-block-button\"><a class=\"wp-block-button__link has-white-color has-text-color has-link-color wp-element-button\" href=\"https:\/\/www.infosubvenciones.es\/bdnstrans\/GE\/es\/convocatorias\/842860\" target=\"_blank\" rel=\"noreferrer noopener\">Ver convocatoria<\/a><\/div>\n<\/div>\n\n\n\n<p><\/p>\n\n\n\n<p class=\"has-text-align-center\" style=\"font-size:24px\">Echa un vistazo a nuestro cat\u00e1logo completo&nbsp;<a href=\"https:\/\/dgformacion.com\/categoria-curso\/contenido-en-formato-digital\/certificados-de-profesionalidad\/\" target=\"_blank\" rel=\"noreferrer noopener\">pinchando aqu\u00ed<\/a>.<\/p>\n\n\n\n<p class=\"has-text-align-center\">Contacta con nosotros a trav\u00e9s del 914 32 02 02, o info@dgformacion.com.<\/p>\n","protected":false},"excerpt":{"rendered":"<p>La Consejer\u00eda de Econom\u00eda, Hacienda y Empleo lanza una convocatoria de ayudas para financiar cursos especializados dirigidos a personas desempleadas. Estas subvenciones tienen como objetivo proporcionar a los desempleados una formaci\u00f3n que responda a las demandas actuales del mercado laboral, al mismo tiempo que se satisfacen las necesidades de productividad y competitividad de las empresas. &hellip;<\/p>\n","protected":false},"author":2,"featured_media":995,"comment_status":"closed","ping_status":"open","sticky":false,"template":"","format":"standard","meta":{"footnotes":"","_jetpack_memberships_contains_paid_content":false},"categories":[4],"tags":[123,91,104,122,31,64,78,90,19,89,127,126,124,125,83,118,93,66,65,74,119,67,75],"jetpack_sharing_enabled":true,"jetpack_featured_media_url":"https:\/\/blog.dgformacion.com\/wp-content\/uploads\/2025\/07\/convocatoria-madrid-personas-trabajadoras-desempleadas-2025.png","_links":{"self":[{"href":"https:\/\/blog.dgformacion.com\/index.php?rest_route=\/wp\/v2\/posts\/993"}],"collection":[{"href":"https:\/\/blog.dgformacion.com\/index.php?rest_route=\/wp\/v2\/posts"}],"about":[{"href":"https:\/\/blog.dgformacion.com\/index.php?rest_route=\/wp\/v2\/types\/post"}],"author":[{"embeddable":true,"href":"https:\/\/blog.dgformacion.com\/index.php?rest_route=\/wp\/v2\/users\/2"}],"replies":[{"embeddable":true,"href":"https:\/\/blog.dgformacion.com\/index.php?rest_route=%2Fwp%2Fv2%2Fcomments&post=993"}],"version-history":[{"count":5,"href":"https:\/\/blog.dgformacion.com\/index.php?rest_route=\/wp\/v2\/posts\/993\/revisions"}],"predecessor-version":[{"id":1028,"href":"https:\/\/blog.dgformacion.com\/index.php?rest_route=\/wp\/v2\/posts\/993\/revisions\/1028"}],"wp:featuredmedia":[{"embeddable":true,"href":"https:\/\/blog.dgformacion.com\/index.php?rest_route=\/wp\/v2\/media\/995"}],"wp:attachment":[{"href":"https:\/\/blog.dgformacion.com\/index.php?rest_route=%2Fwp%2Fv2%2Fmedia&parent=993"}],"wp:term":[{"taxonomy":"category","embeddable":true,"href":"https:\/\/blog.dgformacion.com\/index.php?rest_route=%2Fwp%2Fv2%2Fcategories&post=993"},{"taxonomy":"post_tag","embeddable":true,"href":"https:\/\/blog.dgformacion.com\/index.php?rest_route=%2Fwp%2Fv2%2Ftags&post=993"}],"curies":[{"name":"wp","href":"https:\/\/api.w.org\/{rel}","templated":true}]}}