{"id":999,"date":"2025-07-10T09:32:53","date_gmt":"2025-07-10T08:32:53","guid":{"rendered":"https:\/\/blog.dgformacion.com\/?p=999"},"modified":"2025-07-11T12:00:24","modified_gmt":"2025-07-11T11:00:24","slug":"f-p-para-personas-trabajadoras-desempleadas-y-ocupadas-andalucia-2025","status":"publish","type":"post","link":"https:\/\/blog.dgformacion.com\/?p=999","title":{"rendered":"F. P. para personas trabajadoras desempleadas y ocupadas &#8211; Andalucia, 2025."},"content":{"rendered":"\n<p>La Direcci\u00f3n General de Formaci\u00f3n Profesional para el Empleo de la Junta de Andaluc\u00eda ha emitido una resoluci\u00f3n mediante la cual se abre la convocatoria, correspondiente al a\u00f1o 2025, para la concesi\u00f3n de ayudas destinadas a financiar la oferta formativa de Formaci\u00f3n Profesional para el Empleo. Esta formaci\u00f3n est\u00e1 dirigida tanto a personas desempleadas como a personas ocupadas.<\/p>\n\n\n\n<p>El presupuesto asignado para estas ayudas asciende a un total de 67.142.857,20 \u20ac, y se distribuir\u00e1 entre las siguientes l\u00edneas formativas:<\/p>\n\n\n\n<p class=\"has-text-align-right has-small-font-size\">Fuente de las especificaciones de las convocatorias: <a href=\"https:\/\/www.innovacionycualificacion.com\/convocatorias-de-formacion\/convocatoria-andalucia-subvenciones-formacion-personas-desempleadas-y-ocupadas\/\" data-type=\"link\" data-id=\"https:\/\/www.innovacionycualificacion.com\/convocatorias-de-formacion\/convocatoria-andalucia-subvenciones-formacion-personas-desempleadas-y-ocupadas\/\" target=\"_blank\" rel=\"noreferrer noopener\">Innovacion y Cualificacion S.L.<\/a><\/p>\n\n\n\n<h2 class=\"wp-block-heading\"><strong>L\u00ednea 1<\/strong>:<\/h2>\n\n\n\n<figure class=\"wp-block-table\"><table><tbody><tr><td>Dirigido a:<\/td><td>Centros del sistema de formaci\u00f3n en el trabajo que figuren inscritos en el correspondiente registro, de conformidad con el art\u00edculo 25 del Real Decreto 438\/2024, de 30 de abril, por el que se desarrolla la Cartera Com\u00fan de Servicios del Sistema Nacional de Empleo y los servicios garantizados establecidos en la Ley 3\/2023,de 28 de febrero, de Empleo.<\/td><\/tr><tr><td>Presupuesto final<\/td><td>15.000.000,00 \u20ac<\/td><\/tr><tr><td>Plazo de m\u00e1ximo de Solicitud<\/td><td>Tienes hasta el 30 de julio de 2025 para solicitar estas ayudas.<\/td><\/tr><tr><td>Modalidad<\/td><td>Presencial.<\/td><\/tr><tr><td>Colecci\u00f3n<\/td><td>Especialidades formativas.<\/td><\/tr><\/tbody><\/table><\/figure>\n\n\n\n<h2 class=\"wp-block-heading\"><strong>L\u00ednea 2<\/strong><\/h2>\n\n\n\n<figure class=\"wp-block-table\"><table><tbody><tr><td>Dirigido a:<\/td><td>Centros del sistema de formaci\u00f3n en el trabajo que figuren inscritos en el correspondiente registro, de conformidad con el art\u00edculo 25 del Real Decreto 438\/2024, de 30 de abril, por el que se desarrolla la Cartera Com\u00fan de Servicios del Sistema Nacional de Empleo y los servicios garantizados establecidos en la Ley 3\/2023,de 28 de febrero, de Empleo.<br><br>En este caso, la entidad solicitante debe tener sede social en Andaluc\u00eda.<\/td><\/tr><tr><td>Presupuesto final<\/td><td>5.000.000,00 \u20ac<\/td><\/tr><tr><td>Plazo de m\u00e1ximo de Solicitud<\/td><td>Tienes hasta el 30 de julio de 2025 para solicitar estas ayudas.<\/td><\/tr><tr><td>Modalidad<\/td><td>Teleformaci\u00f3n.<\/td><\/tr><tr><td>Colecci\u00f3n<\/td><td>Especialidades formativas.<\/td><\/tr><\/tbody><\/table><\/figure>\n\n\n\n<h2 class=\"wp-block-heading\"><strong>L\u00ednea 3<\/strong><\/h2>\n\n\n\n<figure class=\"wp-block-table\"><table><tbody><tr><td>Dirigido a:<\/td><td>Centros del sistema de formaci\u00f3n profesional autorizados en Andaluc\u00eda.<br><br>En el caso de modalidad virtual, se deber\u00e1 contar con una plataforma de teleformaci\u00f3n debidamente autorizada y se verificar\u00e1 a trav\u00e9s de la \u201cPlataforma de Formaci\u00f3n para el Empleo de Andaluc\u00eda\u201d (en adelante PROFEUS-A), que la entidad solicitante es titular de un centro autorizado para la misma formaci\u00f3n en modalidad presencial, ubicado en Andaluc\u00eda.<\/td><\/tr><tr><td>Presupuesto final<\/td><td>37.142.857,20 \u20ac<\/td><\/tr><tr><td>Plazo de m\u00e1ximo de Solicitud<\/td><td>Tienes hasta el 30 de julio de 2025 para solicitar estas ayudas.<\/td><\/tr><tr><td>Modalidad<\/td><td>Presencial y teleformaci\u00f3n.<\/td><\/tr><tr><td>Colecci\u00f3n<\/td><td>Certificados de profesionalidad (Grados C) y Grados B.<\/td><\/tr><\/tbody><\/table><\/figure>\n\n\n\n<h2 class=\"wp-block-heading\"><strong>L\u00ednea 4<\/strong><\/h2>\n\n\n\n<figure class=\"wp-block-table\"><table><tbody><tr><td>Dirigido a:<\/td><td>Centros del sistema de formaci\u00f3n profesional autorizados en Andaluc\u00eda.<br><br>En el caso de modalidad virtual, se deber\u00e1 contar con una plataforma de teleformaci\u00f3n debidamente autorizada y se verificar\u00e1 a trav\u00e9s de la \u201cPlataforma de Formaci\u00f3n para el Empleo de Andaluc\u00eda\u201d (en adelante PROFEUS-A), que la entidad solicitante es titular de un centro autorizado para la misma formaci\u00f3n en modalidad presencial, ubicado en Andaluc\u00eda.<\/td><\/tr><tr><td>Presupuesto final<\/td><td>10.000.000,00 \u20ac<\/td><\/tr><tr><td>Plazo de m\u00e1ximo de Solicitud<\/td><td>Tienes hasta el 30 de julio de 2025 para solicitar estas ayudas.<\/td><\/tr><tr><td>Modalidad<\/td><td>Teleformaci\u00f3n.<\/td><\/tr><tr><td>Colecci\u00f3n<\/td><td>Grados B.<\/td><\/tr><\/tbody><\/table><figcaption class=\"wp-element-caption\">Tablas 1-4: Especificaciones de las convocatorias. Fuente: <a href=\"https:\/\/www.innovacionycualificacion.com\/convocatorias-de-formacion\/convocatoria-andalucia-subvenciones-formacion-personas-desempleadas-y-ocupadas\/\" data-type=\"link\" data-id=\"https:\/\/www.innovacionycualificacion.com\/convocatorias-de-formacion\/convocatoria-andalucia-subvenciones-formacion-personas-desempleadas-y-ocupadas\/\" target=\"_blank\" rel=\"noreferrer noopener\">Innovacion y Cualificacion S.L.<\/a><\/figcaption><\/figure>\n\n\n\n<p>Para m\u00e1s informaci\u00f3n, visital el siguiente enlace:<\/p>\n\n\n\n<div class=\"wp-block-buttons is-content-justification-center is-layout-flex wp-container-core-buttons-layout-1 wp-block-buttons-is-layout-flex\">\n<div class=\"wp-block-button\"><a class=\"wp-block-button__link has-white-color has-text-color has-link-color wp-element-button\" href=\"https:\/\/www.innovacionycualificacion.com\/wp-content\/uploads\/2025\/07\/TextoConvocatoria.pdf\" target=\"_blank\" rel=\"noreferrer noopener\">Ver convocatoria<\/a><\/div>\n<\/div>\n\n\n\n<p><\/p>\n\n\n\n<p class=\"has-text-align-center\" style=\"font-size:24px\">Echa un vistazo a nuestro cat\u00e1logo completo&nbsp;<a href=\"https:\/\/dgformacion.com\/categoria-curso\/contenido-en-formato-digital\/certificados-de-profesionalidad\/\" target=\"_blank\" rel=\"noreferrer noopener\">pinchando aqu\u00ed<\/a>.<\/p>\n\n\n\n<p class=\"has-text-align-center\">Contacta con nosotros a trav\u00e9s del 914 32 02 02, o info@dgformacion.com.<\/p>\n","protected":false},"excerpt":{"rendered":"<p>La Direcci\u00f3n General de Formaci\u00f3n Profesional para el Empleo de la Junta de Andaluc\u00eda ha emitido una resoluci\u00f3n mediante la cual se abre la convocatoria, correspondiente al a\u00f1o 2025, para la concesi\u00f3n de ayudas destinadas a financiar la oferta formativa de Formaci\u00f3n Profesional para el Empleo. Esta formaci\u00f3n est\u00e1 dirigida tanto a personas desempleadas como &hellip;<\/p>\n","protected":false},"author":2,"featured_media":1001,"comment_status":"closed","ping_status":"open","sticky":false,"template":"","format":"standard","meta":{"footnotes":"","_jetpack_memberships_contains_paid_content":false},"categories":[4],"tags":[123,84,91,104,122,31,64,78,90,156,19,89,127,126,124,125,118,93,66,65,74,119,67,75],"jetpack_sharing_enabled":true,"jetpack_featured_media_url":"https:\/\/blog.dgformacion.com\/wp-content\/uploads\/2025\/07\/andalucia-trabajadores-ocupados-desempleados.png","_links":{"self":[{"href":"https:\/\/blog.dgformacion.com\/index.php?rest_route=\/wp\/v2\/posts\/999"}],"collection":[{"href":"https:\/\/blog.dgformacion.com\/index.php?rest_route=\/wp\/v2\/posts"}],"about":[{"href":"https:\/\/blog.dgformacion.com\/index.php?rest_route=\/wp\/v2\/types\/post"}],"author":[{"embeddable":true,"href":"https:\/\/blog.dgformacion.com\/index.php?rest_route=\/wp\/v2\/users\/2"}],"replies":[{"embeddable":true,"href":"https:\/\/blog.dgformacion.com\/index.php?rest_route=%2Fwp%2Fv2%2Fcomments&post=999"}],"version-history":[{"count":5,"href":"https:\/\/blog.dgformacion.com\/index.php?rest_route=\/wp\/v2\/posts\/999\/revisions"}],"predecessor-version":[{"id":1020,"href":"https:\/\/blog.dgformacion.com\/index.php?rest_route=\/wp\/v2\/posts\/999\/revisions\/1020"}],"wp:featuredmedia":[{"embeddable":true,"href":"https:\/\/blog.dgformacion.com\/index.php?rest_route=\/wp\/v2\/media\/1001"}],"wp:attachment":[{"href":"https:\/\/blog.dgformacion.com\/index.php?rest_route=%2Fwp%2Fv2%2Fmedia&parent=999"}],"wp:term":[{"taxonomy":"category","embeddable":true,"href":"https:\/\/blog.dgformacion.com\/index.php?rest_route=%2Fwp%2Fv2%2Fcategories&post=999"},{"taxonomy":"post_tag","embeddable":true,"href":"https:\/\/blog.dgformacion.com\/index.php?rest_route=%2Fwp%2Fv2%2Ftags&post=999"}],"curies":[{"name":"wp","href":"https:\/\/api.w.org\/{rel}","templated":true}]}}